{"id":797,"date":"2025-05-26T14:21:26","date_gmt":"2025-05-26T11:21:26","guid":{"rendered":"https:\/\/www.ozanseymen.com\/tr\/?p=797"},"modified":"2025-06-30T16:52:20","modified_gmt":"2025-06-30T13:52:20","slug":"burun-ameliyati-kac-saat-surer","status":"publish","type":"post","link":"https:\/\/www.ozanseymen.com\/tr\/burun-ameliyati-kac-saat-surer\/","title":{"rendered":"Burun Ameliyat\u0131 Ka\u00e7 Saat S\u00fcrer?"},"content":{"rendered":"<p><strong>Burun ameliyat\u0131 operasyonlar\u0131n\u0131n ne kadar s\u00fcrece\u011fi, operasyonun \u015fekline g\u00f6re de\u011fi\u015fmektedir.<\/strong><\/p>\n<p>Septum e\u011frili\u011fi ya da farkl\u0131 problemler mevcut de\u011filse, ameliyat s\u00fcresi 2-2,5 saattir. Bu s\u00fcreye anestezi uygulanmas\u0131 ve uyanma s\u00fcreci dahil de\u011fildir.<\/p>\n<p>Genel olarak 4 saatlik bir ortalamadan bahsedilebilir. Bunun yan\u0131 s\u0131ra <a href=\"https:\/\/www.ozanseymen.com\/tr\/burun-estetigi-fiyatlari\/\"><strong>burun esteti\u011fi<\/strong><\/a> ile beraber burun i\u00e7inde bir deformite, sekonder cerrahi gibi i\u015flemler uygulanacak ise, operasyon s\u00fcresi 6-7 saate kadar s\u00fcrebilmektedir.<\/p>\n<div id=\"ez-toc-container\" class=\"ez-toc-v2_0_82_2 counter-flat ez-toc-counter ez-toc-grey ez-toc-container-direction\">\n<div class=\"ez-toc-title-container\">\n<p class=\"ez-toc-title\" style=\"cursor:inherit\">\u0130\u00e7indekiler<\/p>\n<span class=\"ez-toc-title-toggle\"><a href=\"#\" class=\"ez-toc-pull-right ez-toc-btn ez-toc-btn-xs ez-toc-btn-default ez-toc-toggle\" aria-label=\"\u0130\u00e7indekiler Tablosunu A\u00e7\/Kapat\"><span class=\"ez-toc-js-icon-con\"><span class=\"\"><span class=\"eztoc-hide\" style=\"display:none;\">Toggle<\/span><span class=\"ez-toc-icon-toggle-span\"><svg style=\"fill: #999;color:#999\" xmlns=\"http:\/\/www.w3.org\/2000\/svg\" class=\"list-377408\" width=\"20px\" height=\"20px\" viewBox=\"0 0 24 24\" fill=\"none\"><path d=\"M6 6H4v2h2V6zm14 0H8v2h12V6zM4 11h2v2H4v-2zm16 0H8v2h12v-2zM4 16h2v2H4v-2zm16 0H8v2h12v-2z\" fill=\"currentColor\"><\/path><\/svg><svg style=\"fill: #999;color:#999\" class=\"arrow-unsorted-368013\" xmlns=\"http:\/\/www.w3.org\/2000\/svg\" width=\"10px\" height=\"10px\" viewBox=\"0 0 24 24\" version=\"1.2\" baseProfile=\"tiny\"><path d=\"M18.2 9.3l-6.2-6.3-6.2 6.3c-.2.2-.3.4-.3.7s.1.5.3.7c.2.2.4.3.7.3h11c.3 0 .5-.1.7-.3.2-.2.3-.5.3-.7s-.1-.5-.3-.7zM5.8 14.7l6.2 6.3 6.2-6.3c.2-.2.3-.5.3-.7s-.1-.5-.3-.7c-.2-.2-.4-.3-.7-.3h-11c-.3 0-.5.1-.7.3-.2.2-.3.5-.3.7s.1.5.3.7z\"\/><\/svg><\/span><\/span><\/span><\/a><\/span><\/div>\n<nav><ul class='ez-toc-list ez-toc-list-level-1 eztoc-toggle-hide-by-default' ><li class='ez-toc-page-1'><a class=\"ez-toc-link ez-toc-heading-1\" href=\"https:\/\/www.ozanseymen.com\/tr\/burun-ameliyati-kac-saat-surer\/#Burun_Estetiginden_Sonra_Yara_Izi_Ne_Zaman_Gecer\" >Burun Esteti\u011finden Sonra Yara \u0130zi Ne Zaman Ge\u00e7er?<\/a><\/li><li class='ez-toc-page-1'><a class=\"ez-toc-link ez-toc-heading-2\" href=\"https:\/\/www.ozanseymen.com\/tr\/burun-ameliyati-kac-saat-surer\/#Burun_Estetiginden_Sonra_Morluk_ve_Sislik_Ne_Zaman_Gecer\" >Burun Esteti\u011finden Sonra Morluk ve \u015ei\u015flik Ne Zaman Ge\u00e7er?<\/a><\/li><li class='ez-toc-page-1'><a class=\"ez-toc-link ez-toc-heading-3\" href=\"https:\/\/www.ozanseymen.com\/tr\/burun-ameliyati-kac-saat-surer\/#Burun_Ameliyatindan_Sonra_Dikkat_Edilmesi_Gerekenler_Nelerdir\" >Burun Ameliyat\u0131ndan Sonra Dikkat Edilmesi Gerekenler Nelerdir?<\/a><\/li><\/ul><\/nav><\/div>\n<h2><span class=\"ez-toc-section\" id=\"Burun_Estetiginden_Sonra_Yara_Izi_Ne_Zaman_Gecer\"><\/span><strong>Burun Esteti\u011finden Sonra Yara \u0130zi Ne Zaman Ge\u00e7er?<\/strong><span class=\"ez-toc-section-end\"><\/span><\/h2>\n<p>Burun operasyonlar\u0131nda uygulama s\u00fcresi, yara izi gibi iyile\u015fme s\u00fcre\u00e7leri uygulanan ameliyat\u0131n tekni\u011fine g\u00f6re de\u011fi\u015fmektedir. <strong>Burun esteti\u011fi<\/strong> ard\u0131ndan burnun a\u00e7\u0131ld\u0131\u011f\u0131 b\u00f6l\u00fcmde \u00e7ok hafif bir iz kalma riski s\u00f6z konusu olabilir.<\/p>\n<p>Bundan dolay\u0131 da burnun iyile\u015fme s\u00fcreci ki\u015fiden ki\u015fiye g\u00f6re de\u011fi\u015fmektedir. Kapal\u0131 operasyon tekni\u011fi ile ger\u00e7ekle\u015ftirilen ameliyatlarda ise d\u0131\u015far\u0131dan g\u00f6r\u00fclebilen bir iz s\u00f6z konusu de\u011fildir.<\/p>\n<h2><strong><img loading=\"lazy\" decoding=\"async\" class=\" wp-image-801 alignnone\" src=\"https:\/\/www.ozanseymen.com\/tr\/wp-content\/uploads\/2025\/05\/burun-ameliyati-kac-saat-surerr.png\" alt=\"\" width=\"550\" height=\"365\" title=\"\"><\/strong><\/h2>\n<h2><span class=\"ez-toc-section\" id=\"Burun_Estetiginden_Sonra_Morluk_ve_Sislik_Ne_Zaman_Gecer\"><\/span><strong>Burun Esteti\u011finden Sonra Morluk ve \u015ei\u015flik Ne Zaman Ge\u00e7er?<\/strong><span class=\"ez-toc-section-end\"><\/span><\/h2>\n<p><strong>Burun operasyonlar\u0131<\/strong>n\u0131n uygulanma bi\u00e7imine g\u00f6re morarma s\u00fcreci de\u011fi\u015fmektedir. Genel olarak morarmalar minimal seviyededir.<\/p>\n<p>Operasyondan sonraki 2. g\u00fcn genellikle \u015fi\u015flikler ve \u00f6dem en \u00fcst seviyeye ula\u015fmaktad\u0131r. Hastalar\u0131n \u00e7o\u011funlu\u011funda \u00f6demin b\u00fcy\u00fck b\u00f6l\u00fcm\u00fc 1 haftada ge\u00e7erken, \u00f6demin az bir b\u00f6l\u00fcm\u00fc 3 aya kadar s\u00fcrebilmektedir.<\/p>\n<h3><span class=\"ez-toc-section\" id=\"Burun_Ameliyatindan_Sonra_Dikkat_Edilmesi_Gerekenler_Nelerdir\"><\/span><strong>Burun Ameliyat\u0131ndan Sonra Dikkat Edilmesi Gerekenler Nelerdir?<\/strong><span class=\"ez-toc-section-end\"><\/span><\/h3>\n<p><strong>Burun esteti\u011fi operasyonlar\u0131<\/strong> ard\u0131ndan en \u00e7ok dikkat edilmesi gereken konular\u0131n ba\u015f\u0131nda; travmalara dikkat etmek gelmektedir. Bunun d\u0131\u015f\u0131nda:<\/p>\n<ul>\n<li>Operasyon ard\u0131ndan burnunuzu travmalara kar\u015f\u0131 korumak i\u00e7in spor gibi aktivitelerden uzak durman\u0131z gerekir. \u00d6te yandan \u015fi\u015flikleri azaltmak i\u00e7in yatarken yast\u0131k ile ba\u015f\u0131 m\u00fcmk\u00fcn oldu\u011fu kadar y\u00fckseltmeniz en \u00f6nemli konular\u0131n ba\u015f\u0131nda gelir.<\/li>\n<li>Kan suland\u0131r\u0131c\u0131 ila\u00e7 ve yiyeceklerden uzak durmak gerekir. Bu besinler her hastaya g\u00f6re de\u011fi\u015febilir. Doktorunuzun talimatlar\u0131n\u0131 uygulaman\u0131z \u00f6nemlidir.<\/li>\n<li>Operasyon sonras\u0131 burnunuzu koruyan al\u00e7\u0131 ya da atellerin \u0131slanmamas\u0131 \u00f6nemlidir. Cerrahi i\u015flemler ard\u0131ndan bir s\u00fcre banyoda ba\u015f k\u0131sm\u0131n\u0131n sudan uzak tutulmas\u0131 gerekir.<\/li>\n<li><strong>Doktor<\/strong>un tavsiye edece\u011fi s\u00fcre kadar burun esteti\u011fi ameliyat\u0131 sonras\u0131 g\u00fcne\u015f ya da numaral\u0131 g\u00f6zl\u00fck kullan\u0131lmamal\u0131d\u0131r.<\/li>\n<li>D\u00fczenli beslenmek ve d\u00fczenli uyumak iyile\u015fme d\u00f6nemini h\u0131zland\u0131racakt\u0131r.<\/li>\n<li>Di\u015flerin sert ve h\u0131zl\u0131 f\u0131r\u00e7alanmas\u0131ndan ka\u00e7\u0131nmak gerekmektedir.<\/li>\n<\/ul>\n<p>&nbsp;<\/p>\n","protected":false},"excerpt":{"rendered":"<p>Burun ameliyat\u0131 operasyonlar\u0131n\u0131n ne kadar s\u00fcrece\u011fi, operasyonun \u015fekline g\u00f6re de\u011fi\u015fmektedir. Septum e\u011frili\u011fi ya da farkl\u0131 problemler mevcut de\u011filse, ameliyat s\u00fcresi 2-2,5 saattir. Bu s\u00fcreye anestezi uygulanmas\u0131 ve uyanma s\u00fcreci dahil de\u011fildir. Genel olarak 4 saatlik bir ortalamadan bahsedilebilir. Bunun yan\u0131 s\u0131ra burun esteti\u011fi ile beraber burun i\u00e7inde bir deformite, sekonder cerrahi gibi i\u015flemler uygulanacak ise, [&hellip;]<\/p>\n","protected":false},"author":1,"featured_media":1292,"comment_status":"open","ping_status":"open","sticky":false,"template":"","format":"standard","meta":{"footnotes":""},"categories":[2],"tags":[],"class_list":["post-797","post","type-post","status-publish","format-standard","has-post-thumbnail","hentry","category-blog"],"_links":{"self":[{"href":"https:\/\/www.ozanseymen.com\/tr\/wp-json\/wp\/v2\/posts\/797","targetHints":{"allow":["GET"]}}],"collection":[{"href":"https:\/\/www.ozanseymen.com\/tr\/wp-json\/wp\/v2\/posts"}],"about":[{"href":"https:\/\/www.ozanseymen.com\/tr\/wp-json\/wp\/v2\/types\/post"}],"author":[{"embeddable":true,"href":"https:\/\/www.ozanseymen.com\/tr\/wp-json\/wp\/v2\/users\/1"}],"replies":[{"embeddable":true,"href":"https:\/\/www.ozanseymen.com\/tr\/wp-json\/wp\/v2\/comments?post=797"}],"version-history":[{"count":5,"href":"https:\/\/www.ozanseymen.com\/tr\/wp-json\/wp\/v2\/posts\/797\/revisions"}],"predecessor-version":[{"id":1418,"href":"https:\/\/www.ozanseymen.com\/tr\/wp-json\/wp\/v2\/posts\/797\/revisions\/1418"}],"wp:featuredmedia":[{"embeddable":true,"href":"https:\/\/www.ozanseymen.com\/tr\/wp-json\/wp\/v2\/media\/1292"}],"wp:attachment":[{"href":"https:\/\/www.ozanseymen.com\/tr\/wp-json\/wp\/v2\/media?parent=797"}],"wp:term":[{"taxonomy":"category","embeddable":true,"href":"https:\/\/www.ozanseymen.com\/tr\/wp-json\/wp\/v2\/categories?post=797"},{"taxonomy":"post_tag","embeddable":true,"href":"https:\/\/www.ozanseymen.com\/tr\/wp-json\/wp\/v2\/tags?post=797"}],"curies":[{"name":"wp","href":"https:\/\/api.w.org\/{rel}","templated":true}]}}