{"id":788,"date":"2025-05-26T14:14:46","date_gmt":"2025-05-26T11:14:46","guid":{"rendered":"https:\/\/www.ozanseymen.com\/tr\/?p=788"},"modified":"2025-06-30T16:51:15","modified_gmt":"2025-06-30T13:51:15","slug":"rinoplasti-sonrasi-burun-sekli-bozulur-mu","status":"publish","type":"post","link":"https:\/\/www.ozanseymen.com\/tr\/rinoplasti-sonrasi-burun-sekli-bozulur-mu\/","title":{"rendered":"Rinoplasti Sonras\u0131 Burun \u015eekli Bozulur mu?"},"content":{"rendered":"<p><strong>Rinoplasti i\u015fleminde en \u00f6nemli ba\u015far\u0131 k\u0131stas\u0131, burun yap\u0131s\u0131n\u0131n bir \u00f6m\u00fcr boyu kendini korumas\u0131d\u0131r. Hem \u015fekil olarak hem de i\u015flev olarak hastan\u0131n herhangi bir sorun ya\u015famamas\u0131 gerekmektedir.<\/strong><\/p>\n<p>Ancak hastalar zamanla burun yap\u0131s\u0131n\u0131n de\u011fi\u015fti\u011fini d\u00fc\u015f\u00fcnebilir. <a href=\"https:\/\/www.ozanseymen.com\/tr\/burun-estetigi-fiyatlari\/\"><strong>Burun esteti\u011fi<\/strong><\/a>nde ba\u015far\u0131 3 kriterin ger\u00e7ekle\u015ftirilmesi ile olur. \u0130lk kriter, hastan\u0131n sa\u011fl\u0131kl\u0131 \u015fekilde nefes alabilmesidir.<\/p>\n<p>\u0130kinci kriter ise burun \u015feklini hastan\u0131n be\u011fenmesi ve benimsemesi, son kriter ise burun \u015feklinin hastan\u0131n ya\u015fam\u0131 boyunca korunmas\u0131n\u0131 sa\u011flamas\u0131d\u0131r. 3 kriter de ayn\u0131 \u00f6neme sahiptir. Ba\u015far\u0131l\u0131 bir <strong>burun ameliyat\u0131<\/strong> bu \u015fekilde tan\u0131mlan\u0131r.<\/p>\n<div id=\"ez-toc-container\" class=\"ez-toc-v2_0_82_2 counter-flat ez-toc-counter ez-toc-grey ez-toc-container-direction\">\n<div class=\"ez-toc-title-container\">\n<p class=\"ez-toc-title\" style=\"cursor:inherit\">\u0130\u00e7indekiler<\/p>\n<span class=\"ez-toc-title-toggle\"><a href=\"#\" class=\"ez-toc-pull-right ez-toc-btn ez-toc-btn-xs ez-toc-btn-default ez-toc-toggle\" aria-label=\"\u0130\u00e7indekiler Tablosunu A\u00e7\/Kapat\"><span class=\"ez-toc-js-icon-con\"><span class=\"\"><span class=\"eztoc-hide\" style=\"display:none;\">Toggle<\/span><span class=\"ez-toc-icon-toggle-span\"><svg style=\"fill: #999;color:#999\" xmlns=\"http:\/\/www.w3.org\/2000\/svg\" class=\"list-377408\" width=\"20px\" height=\"20px\" viewBox=\"0 0 24 24\" fill=\"none\"><path d=\"M6 6H4v2h2V6zm14 0H8v2h12V6zM4 11h2v2H4v-2zm16 0H8v2h12v-2zM4 16h2v2H4v-2zm16 0H8v2h12v-2z\" fill=\"currentColor\"><\/path><\/svg><svg style=\"fill: #999;color:#999\" class=\"arrow-unsorted-368013\" xmlns=\"http:\/\/www.w3.org\/2000\/svg\" width=\"10px\" height=\"10px\" viewBox=\"0 0 24 24\" version=\"1.2\" baseProfile=\"tiny\"><path d=\"M18.2 9.3l-6.2-6.3-6.2 6.3c-.2.2-.3.4-.3.7s.1.5.3.7c.2.2.4.3.7.3h11c.3 0 .5-.1.7-.3.2-.2.3-.5.3-.7s-.1-.5-.3-.7zM5.8 14.7l6.2 6.3 6.2-6.3c.2-.2.3-.5.3-.7s-.1-.5-.3-.7c-.2-.2-.4-.3-.7-.3h-11c-.3 0-.5.1-.7.3-.2.2-.3.5-.3.7s.1.5.3.7z\"\/><\/svg><\/span><\/span><\/span><\/a><\/span><\/div>\n<nav><ul class='ez-toc-list ez-toc-list-level-1 eztoc-toggle-hide-by-default' ><li class='ez-toc-page-1'><a class=\"ez-toc-link ez-toc-heading-1\" href=\"https:\/\/www.ozanseymen.com\/tr\/rinoplasti-sonrasi-burun-sekli-bozulur-mu\/#Burun_ameliyati_ardindan_neden_degislikler_oluyor\" >Burun ameliyat\u0131 ard\u0131ndan neden de\u011fi\u015flikler oluyor?<\/a><\/li><li class='ez-toc-page-1'><a class=\"ez-toc-link ez-toc-heading-2\" href=\"https:\/\/www.ozanseymen.com\/tr\/rinoplasti-sonrasi-burun-sekli-bozulur-mu\/#Hastanin_yaptigi_bir_yanlistan_dolayi_burun_sekli_degisir_mi\" >Hastan\u0131n yapt\u0131\u011f\u0131 bir yanl\u0131\u015ftan dolay\u0131 burun \u015fekli de\u011fi\u015fir mi?<\/a><\/li><li class='ez-toc-page-1'><a class=\"ez-toc-link ez-toc-heading-3\" href=\"https:\/\/www.ozanseymen.com\/tr\/rinoplasti-sonrasi-burun-sekli-bozulur-mu\/#Hastalarin_dikkat_etmesi_gerekenler_nelerdir\" >Hastalar\u0131n dikkat etmesi gerekenler nelerdir?<\/a><\/li><\/ul><\/nav><\/div>\n<h2><span class=\"ez-toc-section\" id=\"Burun_ameliyati_ardindan_neden_degislikler_oluyor\"><\/span><strong>Burun ameliyat\u0131 ard\u0131ndan neden de\u011fi\u015flikler oluyor?<\/strong><span class=\"ez-toc-section-end\"><\/span><\/h2>\n<p>Hastan\u0131n cilt yap\u0131s\u0131na g\u00f6re iyile\u015fme devam ettik\u00e7e burun \u015fekli her ge\u00e7en g\u00fcn de\u011fi\u015ferek 1-2 sene sonra nihai \u015fekline ula\u015f\u0131r. \u0130yile\u015fme d\u00f6nemi ilerledik\u00e7e burun \u015fekli de d\u00fczelir. Ayn\u0131 zamanda tam tersine sorunlu bir burun s\u00f6z konusu ise; burunda e\u011filme, d\u00fc\u015fme, \u00e7\u00f6kme gibi sorunlar olu\u015facak ise bunlarda ilk aylarda belirti verir.<\/p>\n<p>E\u011fer 12-15 ay (cilt yap\u0131s\u0131na g\u00f6re de\u011fi\u015fir) s\u00fcre ge\u00e7mi\u015f ise ve her \u015fey yolunda ise ilerleyen y\u0131llarda burunda de\u011fi\u015fiklik olu\u015fmas\u0131 \u00e7o\u011funlukla beklenmez.\u00a0 Bu durumda \u00f6nlem almak i\u00e7in d\u00fczenli olarak doktor kontrol\u00fcne gitmek \u00f6nem te\u015fkil eder.<\/p>\n<h2><strong><img loading=\"lazy\" decoding=\"async\" class=\" wp-image-814 alignnone\" src=\"https:\/\/www.ozanseymen.com\/tr\/wp-content\/uploads\/2025\/05\/rinoplasti-sonrasi-burun-sekli-bozulur-muu-300x204-1.png\" alt=\"\" width=\"404\" height=\"275\" title=\"\"><\/strong><\/h2>\n<h2><span class=\"ez-toc-section\" id=\"Hastanin_yaptigi_bir_yanlistan_dolayi_burun_sekli_degisir_mi\"><\/span><strong>Hastan\u0131n yapt\u0131\u011f\u0131 bir yanl\u0131\u015ftan dolay\u0131 burun \u015fekli de\u011fi\u015fir mi? <\/strong><span class=\"ez-toc-section-end\"><\/span><\/h2>\n<p><strong>Burun ameliyat\u0131<\/strong> olan ki\u015filerin en \u00e7ok dikkat etmesi gereken konu burun yap\u0131s\u0131na al\u0131nan travmalard\u0131r. K\u00fc\u00e7\u00fck el \u00e7arpmalar\u0131 ya da el \u00e7arpmalar\u0131 gibi hafif darbeler burun yap\u0131s\u0131nda bozulmaya sebep olmaz.<\/p>\n<p>Ancak buruna gelen sert darbeler (kap\u0131ya \u00e7arpma, darbe alma vb.) burnun \u015feklini bozulmas\u0131na sebep olabilir. \u0130lk haftalarda duru\u015f \u00f6nerileri hakk\u0131nda doktor yeterli bilgilendirmeyi yapacakt\u0131r. Genellikle 2 hafta boyunca yan yatmak tavsiye edilemez.<\/p>\n<h3><span class=\"ez-toc-section\" id=\"Hastalarin_dikkat_etmesi_gerekenler_nelerdir\"><\/span><strong>Hastalar\u0131n dikkat etmesi gerekenler nelerdir?<\/strong><span class=\"ez-toc-section-end\"><\/span><\/h3>\n<p><strong>Burun esteti\u011fi<\/strong> pop\u00fcler bir operasyon olsa da bir cerrahi operasyondur. Bundan dolay\u0131 da ciddi bir i\u015flemdir. G\u00fcn\u00fcm\u00fczde <strong>rinoplasti<\/strong> i\u015flemi ve di\u011fer estetik operasyonlar olduk\u00e7a kolay \u015fekilde uygulanmaktad\u0131r.<\/p>\n<p>Hastan\u0131n iyile\u015fme s\u00fcreci k\u0131salmakta ve g\u00fcnl\u00fck hayat\u0131na daha h\u0131zl\u0131 d\u00f6n\u00fc\u015f yapabilmektedir. Hastalar\u0131n ameliyat konusunda bilgi sahibi olmas\u0131, ger\u00e7ek\u00e7i beklentiler ile ameliyata girmesi ve doktor talimatlar\u0131n\u0131 uygulamas\u0131 olduk\u00e7a \u00f6nemlidir.<\/p>\n<p><strong>Bas\u0131ndan:<\/strong><\/p>\n<p><a href=\"https:\/\/www.milliyet.com.tr\/pembenar\/revizyon-burun-ameliyati-tehlikeli-mi-uzmanindan-merak-edilen-detaylar-6615705\" target=\"_blank\" rel=\"noopener\">https:\/\/www.milliyet.com.tr\/pembenar\/revizyon-burun-ameliyati-tehlikeli-mi-uzmanindan-merak-edilen-detaylar-6615705<\/a><\/p>\n","protected":false},"excerpt":{"rendered":"<p>Rinoplasti i\u015fleminde en \u00f6nemli ba\u015far\u0131 k\u0131stas\u0131, burun yap\u0131s\u0131n\u0131n bir \u00f6m\u00fcr boyu kendini korumas\u0131d\u0131r. Hem \u015fekil olarak hem de i\u015flev olarak hastan\u0131n herhangi bir sorun ya\u015famamas\u0131 gerekmektedir. Ancak hastalar zamanla burun yap\u0131s\u0131n\u0131n de\u011fi\u015fti\u011fini d\u00fc\u015f\u00fcnebilir. Burun esteti\u011finde ba\u015far\u0131 3 kriterin ger\u00e7ekle\u015ftirilmesi ile olur. \u0130lk kriter, hastan\u0131n sa\u011fl\u0131kl\u0131 \u015fekilde nefes alabilmesidir. \u0130kinci kriter ise burun \u015feklini hastan\u0131n be\u011fenmesi [&hellip;]<\/p>\n","protected":false},"author":1,"featured_media":789,"comment_status":"open","ping_status":"open","sticky":false,"template":"","format":"standard","meta":{"footnotes":""},"categories":[2],"tags":[],"class_list":["post-788","post","type-post","status-publish","format-standard","has-post-thumbnail","hentry","category-blog"],"_links":{"self":[{"href":"https:\/\/www.ozanseymen.com\/tr\/wp-json\/wp\/v2\/posts\/788","targetHints":{"allow":["GET"]}}],"collection":[{"href":"https:\/\/www.ozanseymen.com\/tr\/wp-json\/wp\/v2\/posts"}],"about":[{"href":"https:\/\/www.ozanseymen.com\/tr\/wp-json\/wp\/v2\/types\/post"}],"author":[{"embeddable":true,"href":"https:\/\/www.ozanseymen.com\/tr\/wp-json\/wp\/v2\/users\/1"}],"replies":[{"embeddable":true,"href":"https:\/\/www.ozanseymen.com\/tr\/wp-json\/wp\/v2\/comments?post=788"}],"version-history":[{"count":4,"href":"https:\/\/www.ozanseymen.com\/tr\/wp-json\/wp\/v2\/posts\/788\/revisions"}],"predecessor-version":[{"id":1416,"href":"https:\/\/www.ozanseymen.com\/tr\/wp-json\/wp\/v2\/posts\/788\/revisions\/1416"}],"wp:featuredmedia":[{"embeddable":true,"href":"https:\/\/www.ozanseymen.com\/tr\/wp-json\/wp\/v2\/media\/789"}],"wp:attachment":[{"href":"https:\/\/www.ozanseymen.com\/tr\/wp-json\/wp\/v2\/media?parent=788"}],"wp:term":[{"taxonomy":"category","embeddable":true,"href":"https:\/\/www.ozanseymen.com\/tr\/wp-json\/wp\/v2\/categories?post=788"},{"taxonomy":"post_tag","embeddable":true,"href":"https:\/\/www.ozanseymen.com\/tr\/wp-json\/wp\/v2\/tags?post=788"}],"curies":[{"name":"wp","href":"https:\/\/api.w.org\/{rel}","templated":true}]}}