{"id":69,"date":"2025-04-17T17:40:26","date_gmt":"2025-04-17T14:40:26","guid":{"rendered":"https:\/\/www.ozanseymen.com\/tr\/?p=69"},"modified":"2025-12-31T12:02:38","modified_gmt":"2025-12-31T09:02:38","slug":"dudak-kaldirma-liplift","status":"publish","type":"post","link":"https:\/\/www.ozanseymen.com\/tr\/dudak-kaldirma-liplift\/","title":{"rendered":"Dudak Kald\u0131rma Ameliyat\u0131 &#8211; Liplift"},"content":{"rendered":"<p><a href=\"https:\/\/www.ozanseymen.com\/tr\/dudak-kaldirma-liplift\/\"><strong>Dudak Kald\u0131rma Ameliyat\u0131 &#8211; Liplift :<\/strong><\/a> Y\u00fcz esteti\u011finde dudaklar, gen\u00e7lik ve dinamizmin en \u00f6nemli g\u00f6stergelerinden biridir. Zamanla ya\u015flanman\u0131n etkisiyle dudaklar incelir, \u00fcst <a href=\"https:\/\/www.ozanseymen.com\/tr\/dudak-dolgusu-fiyatlari\/\">dudak<\/a> uzar ve g\u00fcl\u00fc\u015f ifadesi daha az \u00e7ekici hale gelir. Ayr\u0131ca genetik olarak \u00fcst dudak mesafesi uzun olan bireylerde de <a href=\"https:\/\/www.ozanseymen.com\/tr\/yuz-germe-ameliyati-fiyat\/\">y\u00fcz<\/a> oranlar\u0131n\u0131n dengesi bozulabilir. Dudak kald\u0131rma ameliyat\u0131, ya da bilinen di\u011fer ad\u0131yla liplift, bu sorunlar\u0131 do\u011fal ve kal\u0131c\u0131 bir \u015fekilde d\u00fczeltmek amac\u0131yla uygulanan modern bir estetik cerrahi y\u00f6ntemidir.<\/p>\n<p><iframe loading=\"lazy\" title=\"YouTube video player\" src=\"https:\/\/www.youtube.com\/embed\/Ki6uIa_RoOQ?si=yfyXu9lFkZzyoxGU\" width=\"100%\" height=\"615\" frameborder=\"0\" allowfullscreen=\"allowfullscreen\"><\/iframe><\/p>\n<p>\u0130stanbul\u2019da kendi klini\u011finde hizmet veren <a href=\"https:\/\/www.ozanseymen.com\/tr\/\">Prof. Dr. Ozan Seymen<\/a>, dudak kald\u0131rma ameliyat\u0131 alan\u0131ndaki deneyimi ve sanatsal estetik yakla\u015f\u0131m\u0131yla hastalar\u0131na gen\u00e7, \u00e7ekici ve do\u011fal g\u00f6r\u00fcn\u00fcmler kazand\u0131rmaktad\u0131r. Bu yaz\u0131da dudak kald\u0131rma ameliyat\u0131 nedir, kimler i\u00e7in uygundur, nas\u0131l yap\u0131l\u0131r, iyile\u015fme s\u00fcreci nas\u0131ld\u0131r ve sonu\u00e7lar ne kadar kal\u0131c\u0131d\u0131r gibi t\u00fcm merak edilenleri ayr\u0131nt\u0131l\u0131 bir \u015fekilde ele alaca\u011f\u0131z.<\/p>\n<div id=\"ez-toc-container\" class=\"ez-toc-v2_0_82_2 counter-flat ez-toc-counter ez-toc-grey ez-toc-container-direction\">\n<div class=\"ez-toc-title-container\">\n<p class=\"ez-toc-title\" style=\"cursor:inherit\">\u0130\u00e7indekiler<\/p>\n<span class=\"ez-toc-title-toggle\"><a href=\"#\" class=\"ez-toc-pull-right ez-toc-btn ez-toc-btn-xs ez-toc-btn-default ez-toc-toggle\" aria-label=\"\u0130\u00e7indekiler Tablosunu A\u00e7\/Kapat\"><span class=\"ez-toc-js-icon-con\"><span class=\"\"><span class=\"eztoc-hide\" style=\"display:none;\">Toggle<\/span><span class=\"ez-toc-icon-toggle-span\"><svg style=\"fill: #999;color:#999\" xmlns=\"http:\/\/www.w3.org\/2000\/svg\" class=\"list-377408\" width=\"20px\" height=\"20px\" viewBox=\"0 0 24 24\" fill=\"none\"><path d=\"M6 6H4v2h2V6zm14 0H8v2h12V6zM4 11h2v2H4v-2zm16 0H8v2h12v-2zM4 16h2v2H4v-2zm16 0H8v2h12v-2z\" fill=\"currentColor\"><\/path><\/svg><svg style=\"fill: #999;color:#999\" class=\"arrow-unsorted-368013\" xmlns=\"http:\/\/www.w3.org\/2000\/svg\" width=\"10px\" height=\"10px\" viewBox=\"0 0 24 24\" version=\"1.2\" baseProfile=\"tiny\"><path d=\"M18.2 9.3l-6.2-6.3-6.2 6.3c-.2.2-.3.4-.3.7s.1.5.3.7c.2.2.4.3.7.3h11c.3 0 .5-.1.7-.3.2-.2.3-.5.3-.7s-.1-.5-.3-.7zM5.8 14.7l6.2 6.3 6.2-6.3c.2-.2.3-.5.3-.7s-.1-.5-.3-.7c-.2-.2-.4-.3-.7-.3h-11c-.3 0-.5.1-.7.3-.2.2-.3.5-.3.7s.1.5.3.7z\"\/><\/svg><\/span><\/span><\/span><\/a><\/span><\/div>\n<nav><ul class='ez-toc-list ez-toc-list-level-1 eztoc-toggle-hide-by-default' ><li class='ez-toc-page-1'><a class=\"ez-toc-link ez-toc-heading-1\" href=\"https:\/\/www.ozanseymen.com\/tr\/dudak-kaldirma-liplift\/#Dudak_Kaldirma_Ameliyati\" >Dudak Kald\u0131rma Ameliyat\u0131<\/a><\/li><li class='ez-toc-page-1'><a class=\"ez-toc-link ez-toc-heading-2\" href=\"https:\/\/www.ozanseymen.com\/tr\/dudak-kaldirma-liplift\/#Dudak_Kaldirma_Ameliyati_Neden_Yapilir\" >Dudak Kald\u0131rma Ameliyat\u0131 Neden Yap\u0131l\u0131r?<\/a><\/li><li class='ez-toc-page-1'><a class=\"ez-toc-link ez-toc-heading-3\" href=\"https:\/\/www.ozanseymen.com\/tr\/dudak-kaldirma-liplift\/#Kimler_Dudak_Kaldirma_Ameliyati_Icin_Uygun_Adaydir\" >Kimler Dudak Kald\u0131rma Ameliyat\u0131 \u0130\u00e7in Uygun Adayd\u0131r?<\/a><\/li><li class='ez-toc-page-1'><a class=\"ez-toc-link ez-toc-heading-4\" href=\"https:\/\/www.ozanseymen.com\/tr\/dudak-kaldirma-liplift\/#Dudak_Kaldirma_Ameliyatinda_Planlama_Sureci\" >Dudak Kald\u0131rma Ameliyat\u0131nda Planlama S\u00fcreci<\/a><\/li><li class='ez-toc-page-1'><a class=\"ez-toc-link ez-toc-heading-5\" href=\"https:\/\/www.ozanseymen.com\/tr\/dudak-kaldirma-liplift\/#Dudak_Kaldirma_Ameliyati_Nasil_Yapilir\" >Dudak Kald\u0131rma Ameliyat\u0131 Nas\u0131l Yap\u0131l\u0131r?<\/a><\/li><li class='ez-toc-page-1'><a class=\"ez-toc-link ez-toc-heading-6\" href=\"https:\/\/www.ozanseymen.com\/tr\/dudak-kaldirma-liplift\/#Dudak_Kaldirma_Ameliyati_Sonrasi_Iyilesme_Sureci\" >Dudak Kald\u0131rma Ameliyat\u0131 Sonras\u0131 \u0130yile\u015fme S\u00fcreci<\/a><\/li><li class='ez-toc-page-1'><a class=\"ez-toc-link ez-toc-heading-7\" href=\"https:\/\/www.ozanseymen.com\/tr\/dudak-kaldirma-liplift\/#Dudak_Kaldirma_Ameliyatinin_Riskleri_ve_Komplikasyonlari\" >Dudak Kald\u0131rma Ameliyat\u0131n\u0131n Riskleri ve Komplikasyonlar\u0131<\/a><\/li><li class='ez-toc-page-1'><a class=\"ez-toc-link ez-toc-heading-8\" href=\"https:\/\/www.ozanseymen.com\/tr\/dudak-kaldirma-liplift\/#Dudak_Kaldirma_Ameliyati_Sonuclarinin_Kaliciligi\" >Dudak Kald\u0131rma Ameliyat\u0131 Sonu\u00e7lar\u0131n\u0131n Kal\u0131c\u0131l\u0131\u011f\u0131<\/a><\/li><li class='ez-toc-page-1'><a class=\"ez-toc-link ez-toc-heading-9\" href=\"https:\/\/www.ozanseymen.com\/tr\/dudak-kaldirma-liplift\/#Lip_Lift_Dudak_Kaldirma_Ameliyati_Fiyatlari\" >Lip Lift Dudak Kald\u0131rma Ameliyat\u0131 Fiyatlar\u0131<\/a><\/li><li class='ez-toc-page-1'><a class=\"ez-toc-link ez-toc-heading-10\" href=\"https:\/\/www.ozanseymen.com\/tr\/dudak-kaldirma-liplift\/#Dudak_kaldirma_ameliyati_sonrasi_iz_kalir_mi\" >Dudak kald\u0131rma ameliyat\u0131 sonras\u0131 iz kal\u0131r m\u0131?<\/a><\/li><li class='ez-toc-page-1'><a class=\"ez-toc-link ez-toc-heading-11\" href=\"https:\/\/www.ozanseymen.com\/tr\/dudak-kaldirma-liplift\/#Dudak_kaldirma_ameliyati_icin_ideal_yas_nedir\" >Dudak kald\u0131rma ameliyat\u0131 i\u00e7in ideal ya\u015f nedir?<\/a><\/li><li class='ez-toc-page-1'><a class=\"ez-toc-link ez-toc-heading-12\" href=\"https:\/\/www.ozanseymen.com\/tr\/dudak-kaldirma-liplift\/#Liplift_sonrasi_konusmada_veya_mimiklerde_degisiklik_olur_mu\" >Liplift sonras\u0131 konu\u015fmada veya mimiklerde de\u011fi\u015fiklik olur mu?<\/a><\/li><li class='ez-toc-page-1'><a class=\"ez-toc-link ez-toc-heading-13\" href=\"https:\/\/www.ozanseymen.com\/tr\/dudak-kaldirma-liplift\/#Liplift_Turleri\" >Liplift T\u00fcrleri<\/a><\/li><\/ul><\/nav><\/div>\n<h2><span class=\"ez-toc-section\" id=\"Dudak_Kaldirma_Ameliyati\"><\/span>Dudak Kald\u0131rma Ameliyat\u0131<span class=\"ez-toc-section-end\"><\/span><\/h2>\n<p>Dudak kald\u0131rma ameliyat\u0131, burun taban\u0131 ile \u00fcst dudak aras\u0131ndaki mesafenin k\u0131salt\u0131larak dudaklar\u0131n daha dolgun, daha belirgin ve gen\u00e7 bir g\u00f6r\u00fcn\u00fcm kazanmas\u0131n\u0131 sa\u011flayan cerrahi bir i\u015flemdir. \u00d6zellikle burun ile \u00fcst dudak aras\u0131ndaki mesafenin estetik idealin \u00fczerinde oldu\u011fu bireylerde bu ameliyat y\u00fcz oranlar\u0131n\u0131 iyile\u015ftirir ve daha \u00e7ekici bir g\u00fcl\u00fcmseme elde edilmesini sa\u011flar.<\/p>\n<p>Zaman i\u00e7inde ya\u015fla birlikte kollajen kayb\u0131, yer\u00e7ekimi etkisi ve cilt elastikiyetinin azalmas\u0131 gibi nedenlerle \u00fcst dudak sarkar ve g\u00fcl\u00fc\u015f esteti\u011fi bozulur. <strong>Lip lift ameliyat\u0131 sayesinde hem dudaklar gen\u00e7le\u015ftirilir hem de burun ve a\u011f\u0131z aras\u0131ndaki estetik denge yeniden kurulur.<\/strong><\/p>\n<p>Prof. Dr. Ozan Seymen, dudak kald\u0131rma ameliyat\u0131 planlarken her hastan\u0131n y\u00fcz oranlar\u0131n\u0131, cilt yap\u0131s\u0131n\u0131 ve estetik beklentilerini g\u00f6z \u00f6n\u00fcnde bulundurarak ki\u015fiye \u00f6zel bir yakla\u015f\u0131m sergiler.<\/p>\n<h2><span class=\"ez-toc-section\" id=\"Dudak_Kaldirma_Ameliyati_Neden_Yapilir\"><\/span>Dudak Kald\u0131rma Ameliyat\u0131 Neden Yap\u0131l\u0131r?<span class=\"ez-toc-section-end\"><\/span><\/h2>\n<p>Dudak kald\u0131rma ameliyat\u0131 farkl\u0131 nedenlerle tercih edilebilir. \u00d6ncelikli ama\u00e7 estetik g\u00f6r\u00fcn\u00fcm\u00fc iyile\u015ftirmektir. \u00dcst dudak ile burun taban\u0131 aras\u0131ndaki mesafenin normalden uzun olmas\u0131, ki\u015fiye yorgun, ya\u015fl\u0131 veya \u00fczg\u00fcn bir ifade verebilir. Ayr\u0131ca bu mesafenin uzun olmas\u0131, di\u015flerin g\u00f6r\u00fcn\u00fcrl\u00fc\u011f\u00fcn\u00fc azaltarak g\u00fcl\u00fcmsemenin estetik etkisini zay\u0131flat\u0131r.<\/p>\n<p>Baz\u0131 bireylerde ise do\u011fu\u015ftan gelen anatomik yap\u0131 nedeniyle \u00fcst dudak mesafesi uzundur. Bu durum gen\u00e7 ya\u015flarda bile y\u00fcz esteti\u011fini olumsuz etkileyebilir. Dudak kald\u0131rma ameliyat\u0131, bu yap\u0131sal sorunu kal\u0131c\u0131 olarak d\u00fczeltir.<\/p>\n<p><iframe loading=\"lazy\" title=\"YouTube video player\" src=\"https:\/\/www.youtube.com\/embed\/eA_nw58oEVU?si=X4BIgl0sVmdMyo1Y\" width=\"100%\" height=\"615\" frameborder=\"0\" allowfullscreen=\"allowfullscreen\"><\/iframe><\/p>\n<p>Ayr\u0131ca dudak dolgusuna alternatif olarak da tercih edilir. \u00d6zellikle dolgu istemeyen, do\u011fal bir dudak \u00e7\u0131k\u0131kl\u0131\u011f\u0131 ve g\u00fcl\u00fc\u015f esteti\u011fi isteyen bireyler i\u00e7in liplift ameliyat\u0131 ideal bir \u00e7\u00f6z\u00fcmd\u00fcr.<\/p>\n<p>Prof. Dr. Ozan Seymen, hastalar\u0131n\u0131n ihtiya\u00e7lar\u0131n\u0131 ve beklentilerini ayr\u0131nt\u0131l\u0131 analiz ederek, dudak kald\u0131rma ameliyat\u0131n\u0131n bireysel gereksinimlere g\u00f6re planlanmas\u0131n\u0131 sa\u011flar.<\/p>\n<h2><span class=\"ez-toc-section\" id=\"Kimler_Dudak_Kaldirma_Ameliyati_Icin_Uygun_Adaydir\"><\/span>Kimler Dudak Kald\u0131rma Ameliyat\u0131 \u0130\u00e7in Uygun Adayd\u0131r?<span class=\"ez-toc-section-end\"><\/span><\/h2>\n<p>Lip Lift ameliyat\u0131 i\u00e7in uygun adaylar, <a href=\"https:\/\/www.ozanseymen.com\/tr\/burun-estetigi-fiyatlari\/\">burun<\/a> ile \u00fcst dudak aras\u0131ndaki mesafenin estetik idealin \u00fczerinde oldu\u011fu ve bu durumun y\u00fcz oranlar\u0131n\u0131 olumsuz etkiledi\u011fi bireylerdir.<\/p>\n<p>Ayr\u0131ca ya\u015flanma nedeniyle dudak mesafesinde uzama ve dudak vol\u00fcm\u00fcnde azalma ya\u015fayan ki\u015filer de liplift ameliyat\u0131 i\u00e7in ideal adaylard\u0131r. Dudak dolgusundan yeterli memnuniyeti sa\u011flayamayan veya do\u011fal bir g\u00f6r\u00fcn\u00fcm isteyen bireyler de bu i\u015flemi tercih edebilir.<\/p>\n<p>Genel sa\u011fl\u0131k durumu iyi olan, sigara kullan\u0131m\u0131n\u0131 kontrol alt\u0131na alabilen, ger\u00e7ek\u00e7i beklentilere sahip ve ameliyat sonras\u0131 iyile\u015fme s\u00fcrecine uyum sa\u011flayabilecek bireyler, bu i\u015flem i\u00e7in uygundur.<\/p>\n<p>Prof. Dr. Ozan Seymen, her hastas\u0131n\u0131n y\u00fcz esteti\u011fini b\u00fct\u00fcnc\u00fcl bir bak\u0131\u015f a\u00e7\u0131s\u0131yla de\u011ferlendirerek, ki\u015fiye en uygun tedavi yakla\u015f\u0131m\u0131n\u0131 belirler.<\/p>\n<h2><span class=\"ez-toc-section\" id=\"Dudak_Kaldirma_Ameliyatinda_Planlama_Sureci\"><\/span>Dudak Kald\u0131rma Ameliyat\u0131nda Planlama S\u00fcreci<span class=\"ez-toc-section-end\"><\/span><\/h2>\n<p>Dudak kald\u0131rma ameliyat\u0131 \u00f6ncesi detayl\u0131 bir de\u011ferlendirme ve planlama s\u00fcreci gereklidir. \u0130lk muayenede hastan\u0131n y\u00fcz oranlar\u0131 \u00f6l\u00e7\u00fcl\u00fcr, burun ile dudak mesafesi de\u011ferlendirilir ve cilt yap\u0131s\u0131 incelenir.<\/p>\n<p>Ayr\u0131ca hastan\u0131n estetik beklentileri, y\u00fcz yap\u0131s\u0131ndaki genel denge ve mimik kaslar\u0131n\u0131n durumu dikkate al\u0131n\u0131r. B\u00f6ylece ki\u015fiye \u00f6zel bir cerrahi plan olu\u015fturulur.<\/p>\n<p>Prof. Dr. Ozan Seymen, hastalar\u0131na ameliyat \u00f6ncesinde olas\u0131 sonu\u00e7lar\u0131 anlat\u0131r ve i\u015flemin avantajlar\u0131 ile s\u0131n\u0131rlamalar\u0131n\u0131 \u015feffaf bir \u015fekilde payla\u015f\u0131r. Bu yakla\u015f\u0131m, hastalar\u0131n s\u00fcre\u00e7 hakk\u0131nda do\u011fru bilgiye sahip olmas\u0131n\u0131 ve beklentilerini ger\u00e7ek\u00e7i bir \u015fekilde y\u00f6netmelerini sa\u011flar.<\/p>\n<h2><span class=\"ez-toc-section\" id=\"Dudak_Kaldirma_Ameliyati_Nasil_Yapilir\"><\/span>Dudak Kald\u0131rma Ameliyat\u0131 Nas\u0131l Yap\u0131l\u0131r?<span class=\"ez-toc-section-end\"><\/span><\/h2>\n<p>Dudak kald\u0131rma ameliyat\u0131, lokal anestezi alt\u0131nda veya hastan\u0131n tercihine g\u00f6re sedasyon e\u015fli\u011finde ger\u00e7ekle\u015ftirilir. Ameliyat s\u00fcresi genellikle 30 ila 60 dakika aras\u0131ndad\u0131r.<\/p>\n<p>\u0130\u015flem s\u0131ras\u0131nda burun taban\u0131n\u0131n hemen alt\u0131ndan do\u011fal k\u0131vr\u0131m hatt\u0131 boyunca ince bir kesi yap\u0131l\u0131r. Fazla deri \u00e7\u0131kar\u0131l\u0131r ve \u00fcst dudak yukar\u0131 do\u011fru as\u0131larak burun taban\u0131na yeniden dikilir. Bu teknik sayesinde \u00fcst dudak daha belirgin, dolgun ve gen\u00e7 bir g\u00f6r\u00fcn\u00fcme kavu\u015fur.<\/p>\n<p>Yap\u0131lan kesinin konumu sayesinde ameliyat sonras\u0131 iz, burun alt\u0131ndaki do\u011fal k\u0131vr\u0131mda gizlenir ve zamanla neredeyse g\u00f6r\u00fcnmez hale gelir.<\/p>\n<p>Prof. Dr. Ozan Seymen, cerrahi s\u0131ras\u0131nda dokulara minimum travma uygulayarak hem do\u011fal sonu\u00e7lar hem de h\u0131zl\u0131 iyile\u015fme s\u00fcreci elde etmeyi hedefler.<\/p>\n<h3><span class=\"ez-toc-section\" id=\"Dudak_Kaldirma_Ameliyati_Sonrasi_Iyilesme_Sureci\"><\/span>Dudak Kald\u0131rma Ameliyat\u0131 Sonras\u0131 \u0130yile\u015fme S\u00fcreci<span class=\"ez-toc-section-end\"><\/span><\/h3>\n<p>Dudak kald\u0131rma ameliyat\u0131 sonras\u0131 iyile\u015fme s\u00fcreci, genel olarak h\u0131zl\u0131 ve konforlu ilerler. Ameliyat sonras\u0131nda hafif bir \u015fi\u015flik, morluk ve gerginlik hissi olu\u015fmas\u0131 beklenir. Bu belirtiler genellikle ilk birka\u00e7 g\u00fcn i\u00e7erisinde en yo\u011fun seviyeye ula\u015f\u0131r ve sonras\u0131nda h\u0131zla gerilemeye ba\u015flar.<\/p>\n<p>\u0130lk hafta boyunca a\u011f\u0131z \u00e7evresindeki hareketlerde hafif bir k\u0131s\u0131tlama olabilir. Hastalara bu d\u00f6nemde \u00f6zellikle dudak b\u00f6lgesini zorlayacak a\u015f\u0131r\u0131 mimiklerden, sert g\u0131dalardan ve a\u011f\u0131r fiziksel aktivitelerden ka\u00e7\u0131nmalar\u0131 \u00f6nerilir.<\/p>\n<p>Diki\u015fler genellikle 5 ila 7 g\u00fcn i\u00e7erisinde al\u0131n\u0131r. Bu s\u00fcre\u00e7te diki\u015f hatt\u0131n\u0131n temiz tutulmas\u0131, enfeksiyon riskini azaltmak i\u00e7in b\u00fcy\u00fck \u00f6nem ta\u015f\u0131r. Lokal antibiyotikli kremler ve d\u00fczenli temizlik protokolleri ile iyile\u015fme desteklenir.<\/p>\n<p>\u0130lk 2 hafta i\u00e7erisinde \u015fi\u015fliklerin b\u00fcy\u00fck b\u00f6l\u00fcm\u00fc kaybolur, ancak dokular\u0131n tam olarak yumu\u015famas\u0131 ve son \u015feklin oturmas\u0131 birka\u00e7 ay s\u00fcrebilir. Bu s\u00fcre\u00e7te sab\u0131rl\u0131 olmak ve doktorun \u00f6nerdi\u011fi kontrol randevular\u0131na d\u00fczenli kat\u0131lmak gerekir.<\/p>\n<p>Prof. Dr. Ozan Seymen, her hastas\u0131n\u0131n iyile\u015fme s\u00fcrecini birebir takip ederek, gerekti\u011finde m\u00fcdahalelerde bulunur ve iyile\u015fmenin sa\u011fl\u0131kl\u0131 \u015fekilde ilerlemesini sa\u011flar.<\/p>\n<h3><span class=\"ez-toc-section\" id=\"Dudak_Kaldirma_Ameliyatinin_Riskleri_ve_Komplikasyonlari\"><\/span>Dudak Kald\u0131rma Ameliyat\u0131n\u0131n Riskleri ve Komplikasyonlar\u0131<span class=\"ez-toc-section-end\"><\/span><\/h3>\n<p>Her cerrahi i\u015flem gibi dudak kald\u0131rma ameliyat\u0131 da baz\u0131 riskler bar\u0131nd\u0131r\u0131r. Ancak deneyimli bir cerrah taraf\u0131ndan do\u011fru tekniklerle yap\u0131ld\u0131\u011f\u0131nda bu riskler son derece minimal d\u00fczeydedir.<\/p>\n<p>Ameliyat sonras\u0131 enfeksiyon, kanama, yara iyile\u015fmesinde gecikme veya iz belirginli\u011fi gibi komplikasyonlar nadiren g\u00f6r\u00fclebilir. Do\u011fru diki\u015f teknikleri ve uygun postoperatif bak\u0131m ile bu riskler b\u00fcy\u00fck \u00f6l\u00e7\u00fcde \u00f6nlenebilir.<\/p>\n<p>Baz\u0131 hastalarda yara izinin daha belirgin kalmas\u0131 gibi estetik endi\u015feler olu\u015fabilir. Bu durumda iz tedavisine y\u00f6nelik kremler veya gerekirse revizyon i\u015flemleri planlanabilir.<\/p>\n<p>Ayr\u0131ca hastan\u0131n iyile\u015fme s\u00fcrecinde doktor \u00f6nerilerine uymamas\u0131, sigara i\u00e7meye devam etmesi veya diki\u015f hatt\u0131n\u0131 zorlamas\u0131 komplikasyon riskini art\u0131rabilir.<\/p>\n<p>Prof. Dr. Ozan Seymen, her ameliyat \u00f6ncesinde hastalar\u0131na olas\u0131 riskler hakk\u0131nda a\u00e7\u0131k bilgi vererek bilin\u00e7li bir karar s\u00fcreci olu\u015fturur ve ameliyat sonras\u0131nda titiz bir takip program\u0131 uygular.<\/p>\n<h3><span class=\"ez-toc-section\" id=\"Dudak_Kaldirma_Ameliyati_Sonuclarinin_Kaliciligi\"><\/span>Dudak Kald\u0131rma Ameliyat\u0131 Sonu\u00e7lar\u0131n\u0131n Kal\u0131c\u0131l\u0131\u011f\u0131<span class=\"ez-toc-section-end\"><\/span><\/h3>\n<p>Dudak kald\u0131rma ameliyat\u0131 sonu\u00e7lar\u0131 uzun vadeli ve kal\u0131c\u0131d\u0131r. Ameliyatla \u00e7\u0131kar\u0131lan deri ve de\u011fi\u015ftirilen anatomik yap\u0131 kal\u0131c\u0131 olarak de\u011fi\u015ftirilmi\u015f olur. Bu sayede, y\u0131llar boyunca \u00fcst dudak daha k\u0131sa, belirgin ve estetik a\u00e7\u0131dan gen\u00e7 bir g\u00f6r\u00fcn\u00fcmde kal\u0131r.<\/p>\n<p>Ancak zamanla do\u011fal ya\u015flanma s\u00fcreci devam eder. Cilt elastikiyetinde azalma ve yer\u00e7ekimi etkisi gibi fakt\u00f6rler uzun y\u0131llar sonra \u00fcst dudakta yine hafif de\u011fi\u015fikliklere yol a\u00e7abilir. Buna ra\u011fmen, yap\u0131lan cerrahi d\u00fczeltmenin etkisi tamamen kaybolmaz ve y\u00fcz\u00fcn genel estetik g\u00f6r\u00fcn\u00fcm\u00fcne katk\u0131s\u0131 kal\u0131c\u0131d\u0131r.<\/p>\n<p>Prof. Dr. Ozan Seymen, dudak kald\u0131rma ameliyat\u0131 planlarken hastalar\u0131n\u0131n y\u00fcz anatomisini dikkate alarak, uzun vadeli estetik dengeleri de g\u00f6z \u00f6n\u00fcnde bulundurur ve en kal\u0131c\u0131 sonu\u00e7lar\u0131 hedefler.<\/p>\n<h2><span class=\"ez-toc-section\" id=\"Lip_Lift_Dudak_Kaldirma_Ameliyati_Fiyatlari\"><\/span>Lip Lift Dudak Kald\u0131rma Ameliyat\u0131 Fiyatlar\u0131<span class=\"ez-toc-section-end\"><\/span><\/h2>\n<p>Dudak kald\u0131rma ameliyat\u0131 fiyatlar\u0131, i\u015flemin kapsam\u0131na, cerrah\u0131n deneyimine, kullan\u0131lacak tekniklere ve ameliyat\u0131n ger\u00e7ekle\u015ftirilece\u011fi hastanenin ko\u015fullar\u0131na ba\u011fl\u0131 olarak de\u011fi\u015fiklik g\u00f6sterebilir.<\/p>\n<p>\u0130stanbul\u2019da Prof. Dr. Ozan Seymen taraf\u0131ndan ger\u00e7ekle\u015ftirilen liplift i\u015flemlerinde, ki\u015fiye \u00f6zel bir de\u011ferlendirme sonras\u0131nda \u015feffaf ve detayl\u0131 bir fiyatland\u0131rma yap\u0131l\u0131r. Muayene s\u0131ras\u0131nda hastan\u0131n ihtiya\u00e7lar\u0131na g\u00f6re belirlenen cerrahi plan do\u011frultusunda maliyet bilgisi sunulur.<\/p>\n<p><span class=\"relative -mx-px my-[-0.2rem] rounded px-px py-[0.2rem] transition-colors duration-100 ease-in-out\">\u0130stanbul&#8217;da <strong data-start=\"12\" data-end=\"51\">dudak kald\u0131rma (lip lift) ameliyat\u0131<\/strong> fiyatlar\u0131 2026 y\u0131l\u0131 itibar\u0131yla ortalama 4<strong data-start=\"92\" data-end=\"119\">0.000 TL ile 150.000 TL<\/strong> aras\u0131nda de\u011fi\u015fmektedir.<\/span> <span class=\"relative -mx-px my-[-0.2rem] rounded px-px py-[0.2rem] transition-colors duration-100 ease-in-out\">Fiyatlar, klinik se\u00e7imi, cerrah\u0131n deneyimi, kullan\u0131lan teknik ve ek hizmetlerin dahil olup olmamas\u0131na g\u00f6re farkl\u0131l\u0131k g\u00f6sterebilir.<\/span><\/p>\n<p>Prof. Dr. Ozan Seymen, hastalar\u0131na estetik ve cerrahi m\u00fckemmeliyetin yan\u0131 s\u0131ra, adil ve ula\u015f\u0131labilir bir hizmet anlay\u0131\u015f\u0131 da sunar.<\/p>\n<h3><span class=\"ez-toc-section\" id=\"Dudak_kaldirma_ameliyati_sonrasi_iz_kalir_mi\"><\/span><strong>Dudak kald\u0131rma ameliyat\u0131 sonras\u0131 iz kal\u0131r m\u0131?<\/strong><span class=\"ez-toc-section-end\"><\/span><\/h3>\n<p>Ameliyat sonras\u0131 burun taban\u0131 hizas\u0131nda do\u011fal k\u0131vr\u0131mda kalan ince bir iz olu\u015fur. Bu iz, uygun teknikle yap\u0131ld\u0131\u011f\u0131nda zamanla belirsiz hale gelir ve estetik a\u00e7\u0131dan rahats\u0131zl\u0131k olu\u015fturmaz.<\/p>\n<p><strong>Dudak kald\u0131rma ameliyat\u0131 a\u011fr\u0131l\u0131 m\u0131d\u0131r?<\/strong><\/p>\n<p>Ameliyat sonras\u0131 hafif rahats\u0131zl\u0131k ve gerginlik hissi olabilir, ancak genellikle hafif a\u011fr\u0131 kesicilerle kolayca kontrol alt\u0131na al\u0131n\u0131r. \u015eiddetli a\u011fr\u0131 beklenmez.<\/p>\n<p><strong>Liplift ile dolgu i\u015flemi aras\u0131nda fark nedir?<\/strong><\/p>\n<p>Dudak dolgusu ge\u00e7ici bir hacim art\u0131\u015f\u0131 sa\u011flarken, liplift ameliyat\u0131 anatomik olarak \u00fcst dudak mesafesini kal\u0131c\u0131 olarak k\u0131salt\u0131r. Liplift, dolgunluk yan\u0131 s\u0131ra di\u015f g\u00f6sterimi ve y\u00fcz oranlar\u0131nda iyile\u015fme de sa\u011flar.<\/p>\n<h4><span class=\"ez-toc-section\" id=\"Dudak_kaldirma_ameliyati_icin_ideal_yas_nedir\"><\/span><strong>Dudak kald\u0131rma ameliyat\u0131 i\u00e7in ideal ya\u015f nedir?<\/strong><span class=\"ez-toc-section-end\"><\/span><\/h4>\n<p>Ya\u015f s\u0131n\u0131rlamas\u0131 olmamakla birlikte, 18 ya\u015f\u0131n\u0131 ge\u00e7mi\u015f ve y\u00fcz geli\u015fimi tamamlanm\u0131\u015f bireylerde uygulanmas\u0131 \u00f6nerilir.<\/p>\n<h4><span class=\"ez-toc-section\" id=\"Liplift_sonrasi_konusmada_veya_mimiklerde_degisiklik_olur_mu\"><\/span><strong>Liplift sonras\u0131 konu\u015fmada veya mimiklerde de\u011fi\u015fiklik olur mu?<\/strong><span class=\"ez-toc-section-end\"><\/span><\/h4>\n<p>Hay\u0131r, do\u011fru teknikle yap\u0131ld\u0131\u011f\u0131nda liplift ameliyat\u0131 konu\u015fmay\u0131, g\u00fcl\u00fc\u015f\u00fc veya y\u00fcz mimiklerini olumsuz etkilemez.<\/p>\n<h4><span class=\"ez-toc-section\" id=\"Liplift_Turleri\"><\/span><strong>Liplift T\u00fcrleri<\/strong><span class=\"ez-toc-section-end\"><\/span><\/h4>\n<p>Dudak kald\u0131rma ameliyat\u0131 farkl\u0131 tekniklerle uygulanabilir. Bunlar aras\u0131nda en yayg\u0131n olan\u0131 &#8220;Bullhorn Liplift&#8221; y\u00f6ntemidir. Burun alt\u0131 b\u00f6lgesinden yap\u0131lan kesi ile dudak yukar\u0131 do\u011fru as\u0131l\u0131r ve estetik oranlar d\u00fczeltilir.<\/p>\n<p>Baz\u0131 \u00f6zel durumlarda &#8220;Corner Liplift&#8221; (a\u011f\u0131z k\u00f6\u015fesi kald\u0131rma) veya &#8220;Italian Liplift&#8221; gibi teknikler de tercih edilebilir. Hangi tekni\u011fin kullan\u0131laca\u011f\u0131, hastan\u0131n y\u00fcz yap\u0131s\u0131na ve estetik hedeflerine g\u00f6re belirlenir.<\/p>\n<p>Prof. Dr. Ozan Seymen, her hastas\u0131nda ki\u015fiye \u00f6zel teknik se\u00e7imi yaparak hem do\u011fal hem de y\u00fczle tam uyumlu sonu\u00e7lar elde etmeye \u00f6zen g\u00f6sterir.<\/p>\n<p>Dudak kald\u0131rma ameliyat\u0131, gen\u00e7, dinamik ve estetik a\u00e7\u0131dan dengeli bir y\u00fcz g\u00f6r\u00fcn\u00fcm\u00fc elde etmek isteyen bireyler i\u00e7in etkili ve kal\u0131c\u0131 bir \u00e7\u00f6z\u00fcmd\u00fcr. \u00dcst dudak mesafesinin estetik s\u0131n\u0131rlara \u00e7ekilmesi, dudaklar\u0131n daha belirgin hale gelmesi ve g\u00fcl\u00fc\u015f esteti\u011finin iyile\u015ftirilmesi ile y\u00fcz ifadesi canlan\u0131r ve ki\u015fiye daha \u00e7ekici bir g\u00f6r\u00fcn\u00fcm kazand\u0131r\u0131l\u0131r.<\/p>\n<p>\u0130stanbul\u2019da kendi klini\u011finde hizmet veren Prof. Dr. Ozan Seymen, dudak kald\u0131rma ameliyat\u0131 (liplift) konusunda sundu\u011fu y\u00fcksek standartl\u0131 hizmet ve sanatsal bak\u0131\u015f a\u00e7\u0131s\u0131 ile hastalar\u0131na do\u011fal, orant\u0131l\u0131 ve uzun \u00f6m\u00fcrl\u00fc estetik sonu\u00e7lar sa\u011flamaktad\u0131r.<\/p>\n<p>E\u011fer siz de y\u00fcz\u00fcn\u00fczde gen\u00e7, canl\u0131 ve do\u011fal bir etki yaratmak istiyorsan\u0131z, Prof. Dr. Ozan Seymen ile ileti\u015fime ge\u00e7erek dudak kald\u0131rma ameliyat\u0131 hakk\u0131nda detayl\u0131 bilgi alabilir ve ki\u015fiye \u00f6zel tedavi se\u00e7eneklerini de\u011ferlendirebilirsiniz.<\/p>\n","protected":false},"excerpt":{"rendered":"<p>Dudak Kald\u0131rma Ameliyat\u0131 &#8211; Liplift : Y\u00fcz esteti\u011finde dudaklar, gen\u00e7lik ve dinamizmin en \u00f6nemli g\u00f6stergelerinden biridir. Zamanla ya\u015flanman\u0131n etkisiyle dudaklar incelir, \u00fcst dudak uzar ve g\u00fcl\u00fc\u015f ifadesi daha az \u00e7ekici hale gelir. Ayr\u0131ca genetik olarak \u00fcst dudak mesafesi uzun olan bireylerde de y\u00fcz oranlar\u0131n\u0131n dengesi bozulabilir. Dudak kald\u0131rma ameliyat\u0131, ya da bilinen di\u011fer ad\u0131yla liplift, [&hellip;]<\/p>\n","protected":false},"author":1,"featured_media":70,"comment_status":"open","ping_status":"open","sticky":false,"template":"","format":"standard","meta":{"footnotes":""},"categories":[5],"tags":[],"class_list":["post-69","post","type-post","status-publish","format-standard","has-post-thumbnail","hentry","category-estetik-cerrahi"],"_links":{"self":[{"href":"https:\/\/www.ozanseymen.com\/tr\/wp-json\/wp\/v2\/posts\/69","targetHints":{"allow":["GET"]}}],"collection":[{"href":"https:\/\/www.ozanseymen.com\/tr\/wp-json\/wp\/v2\/posts"}],"about":[{"href":"https:\/\/www.ozanseymen.com\/tr\/wp-json\/wp\/v2\/types\/post"}],"author":[{"embeddable":true,"href":"https:\/\/www.ozanseymen.com\/tr\/wp-json\/wp\/v2\/users\/1"}],"replies":[{"embeddable":true,"href":"https:\/\/www.ozanseymen.com\/tr\/wp-json\/wp\/v2\/comments?post=69"}],"version-history":[{"count":16,"href":"https:\/\/www.ozanseymen.com\/tr\/wp-json\/wp\/v2\/posts\/69\/revisions"}],"predecessor-version":[{"id":1745,"href":"https:\/\/www.ozanseymen.com\/tr\/wp-json\/wp\/v2\/posts\/69\/revisions\/1745"}],"wp:featuredmedia":[{"embeddable":true,"href":"https:\/\/www.ozanseymen.com\/tr\/wp-json\/wp\/v2\/media\/70"}],"wp:attachment":[{"href":"https:\/\/www.ozanseymen.com\/tr\/wp-json\/wp\/v2\/media?parent=69"}],"wp:term":[{"taxonomy":"category","embeddable":true,"href":"https:\/\/www.ozanseymen.com\/tr\/wp-json\/wp\/v2\/categories?post=69"},{"taxonomy":"post_tag","embeddable":true,"href":"https:\/\/www.ozanseymen.com\/tr\/wp-json\/wp\/v2\/tags?post=69"}],"curies":[{"name":"wp","href":"https:\/\/api.w.org\/{rel}","templated":true}]}}