{"id":57,"date":"2025-04-17T17:13:04","date_gmt":"2025-04-17T14:13:04","guid":{"rendered":"https:\/\/www.ozanseymen.com\/tr\/?p=57"},"modified":"2025-08-28T19:21:13","modified_gmt":"2025-08-28T16:21:13","slug":"kas-kaldirma","status":"publish","type":"post","link":"https:\/\/www.ozanseymen.com\/tr\/kas-kaldirma\/","title":{"rendered":"Ka\u015f Kald\u0131rma Ameliyat\u0131"},"content":{"rendered":"<p><strong><a href=\"https:\/\/www.ozanseymen.com\/tr\/kas-kaldirma\/\">Ka\u015f Kald\u0131rma Ameliyat\u0131<\/a> :<\/strong> Y\u00fcz\u00fcm\u00fcz, duygular\u0131m\u0131z\u0131 ifade etmenin en g\u00fc\u00e7l\u00fc arac\u0131d\u0131r ve ka\u015flar bu ifadede merkezi bir rol oynar. Ya\u015flanmayla birlikte yer\u00e7ekimi etkisi, cilt elastikiyetinin azalmas\u0131 ve kas tonusunun zay\u0131flamas\u0131 gibi nedenlerle ka\u015flar a\u015fa\u011f\u0131 do\u011fru sarkmaya ba\u015flar. Bu durum ki\u015fiye yorgun, \u00fczg\u00fcn ve ya\u015fl\u0131 bir g\u00f6r\u00fcn\u00fcm kazand\u0131rabilir. Ka\u015f kald\u0131rma ameliyat\u0131, hem estetik hem de fonksiyonel kayg\u0131larla ba\u015fvuran bireyler i\u00e7in etkili ve kal\u0131c\u0131 \u00e7\u00f6z\u00fcmler sunar.<\/p>\n<p>\u0130stanbul\u2019da kendi klini\u011finde hizmet veren KBB Uzman\u0131 Prof. Dr. Ozan Seymen, ka\u015f kald\u0131rma ameliyat\u0131 alan\u0131ndaki deneyimi ve y\u00fcz esteti\u011fine b\u00fct\u00fcnc\u00fcl yakla\u015f\u0131m\u0131 ile hastalar\u0131na gen\u00e7, dinamik ve do\u011fal bir g\u00f6r\u00fcn\u00fcm kazand\u0131rmaktad\u0131r. Bu yaz\u0131da ka\u015f kald\u0131rma ameliyat\u0131 nedir, neden yap\u0131l\u0131r, nas\u0131l planlan\u0131r ve ger\u00e7ekle\u015ftirilir, iyile\u015fme s\u00fcreci ve sonras\u0131 neler beklenir gibi t\u00fcm detaylar\u0131 kapsaml\u0131 bir \u015fekilde ele alaca\u011f\u0131z.<\/p>\n<p><iframe loading=\"lazy\" width=\"100%\" height=\"615\" src=\"https:\/\/www.youtube.com\/embed\/y6CF1W7B4n4?si=Ra28cXosWt6zcPnH\" title=\"YouTube video player\" frameborder=\"0\" allow=\"accelerometer; autoplay; clipboard-write; encrypted-media; gyroscope; picture-in-picture; web-share\" referrerpolicy=\"strict-origin-when-cross-origin\" allowfullscreen><\/iframe><\/p>\n<div id=\"ez-toc-container\" class=\"ez-toc-v2_0_82_2 counter-flat ez-toc-counter ez-toc-grey ez-toc-container-direction\">\n<div class=\"ez-toc-title-container\">\n<p class=\"ez-toc-title\" style=\"cursor:inherit\">\u0130\u00e7indekiler<\/p>\n<span class=\"ez-toc-title-toggle\"><a href=\"#\" class=\"ez-toc-pull-right ez-toc-btn ez-toc-btn-xs ez-toc-btn-default ez-toc-toggle\" aria-label=\"\u0130\u00e7indekiler Tablosunu A\u00e7\/Kapat\"><span class=\"ez-toc-js-icon-con\"><span class=\"\"><span class=\"eztoc-hide\" style=\"display:none;\">Toggle<\/span><span class=\"ez-toc-icon-toggle-span\"><svg style=\"fill: #999;color:#999\" xmlns=\"http:\/\/www.w3.org\/2000\/svg\" class=\"list-377408\" width=\"20px\" height=\"20px\" viewBox=\"0 0 24 24\" fill=\"none\"><path d=\"M6 6H4v2h2V6zm14 0H8v2h12V6zM4 11h2v2H4v-2zm16 0H8v2h12v-2zM4 16h2v2H4v-2zm16 0H8v2h12v-2z\" fill=\"currentColor\"><\/path><\/svg><svg style=\"fill: #999;color:#999\" class=\"arrow-unsorted-368013\" xmlns=\"http:\/\/www.w3.org\/2000\/svg\" width=\"10px\" height=\"10px\" viewBox=\"0 0 24 24\" version=\"1.2\" baseProfile=\"tiny\"><path d=\"M18.2 9.3l-6.2-6.3-6.2 6.3c-.2.2-.3.4-.3.7s.1.5.3.7c.2.2.4.3.7.3h11c.3 0 .5-.1.7-.3.2-.2.3-.5.3-.7s-.1-.5-.3-.7zM5.8 14.7l6.2 6.3 6.2-6.3c.2-.2.3-.5.3-.7s-.1-.5-.3-.7c-.2-.2-.4-.3-.7-.3h-11c-.3 0-.5.1-.7.3-.2.2-.3.5-.3.7s.1.5.3.7z\"\/><\/svg><\/span><\/span><\/span><\/a><\/span><\/div>\n<nav><ul class='ez-toc-list ez-toc-list-level-1 eztoc-toggle-hide-by-default' ><li class='ez-toc-page-1'><a class=\"ez-toc-link ez-toc-heading-1\" href=\"https:\/\/www.ozanseymen.com\/tr\/kas-kaldirma\/#Kas_Kaldirma_Ameliyati_Nedir\" >Ka\u015f Kald\u0131rma Ameliyat\u0131 Nedir?<\/a><\/li><li class='ez-toc-page-1'><a class=\"ez-toc-link ez-toc-heading-2\" href=\"https:\/\/www.ozanseymen.com\/tr\/kas-kaldirma\/#Kas_Dusuklugu_Neden_Olusur\" >Ka\u015f D\u00fc\u015f\u00fckl\u00fc\u011f\u00fc Neden Olu\u015fur?<\/a><\/li><li class='ez-toc-page-1'><a class=\"ez-toc-link ez-toc-heading-3\" href=\"https:\/\/www.ozanseymen.com\/tr\/kas-kaldirma\/#Kas_Kaldirma_Ameliyati_Kimler_Icin_Uygundur\" >Ka\u015f Kald\u0131rma Ameliyat\u0131 Kimler \u0130\u00e7in Uygundur?<\/a><\/li><li class='ez-toc-page-1'><a class=\"ez-toc-link ez-toc-heading-4\" href=\"https:\/\/www.ozanseymen.com\/tr\/kas-kaldirma\/#Kas_Kaldirma_Ameliyati_Oncesi_Planlama_Sureci\" >Ka\u015f Kald\u0131rma Ameliyat\u0131 \u00d6ncesi Planlama S\u00fcreci<\/a><\/li><li class='ez-toc-page-1'><a class=\"ez-toc-link ez-toc-heading-5\" href=\"https:\/\/www.ozanseymen.com\/tr\/kas-kaldirma\/#Kas_Kaldirma_Ameliyati_Nasil_Yapilir\" >Ka\u015f Kald\u0131rma Ameliyat\u0131 Nas\u0131l Yap\u0131l\u0131r?<\/a><\/li><li class='ez-toc-page-1'><a class=\"ez-toc-link ez-toc-heading-6\" href=\"https:\/\/www.ozanseymen.com\/tr\/kas-kaldirma\/#Kas_Kaldirma_Ameliyati_Sonrasi_Iyilesme_Sureci\" >Ka\u015f Kald\u0131rma Ameliyat\u0131 Sonras\u0131 \u0130yile\u015fme S\u00fcreci<\/a><\/li><\/ul><\/nav><\/div>\n<h2><span class=\"ez-toc-section\" id=\"Kas_Kaldirma_Ameliyati_Nedir\"><\/span>Ka\u015f Kald\u0131rma Ameliyat\u0131 Nedir?<span class=\"ez-toc-section-end\"><\/span><\/h2>\n<p>Ka\u015f kald\u0131rma ameliyat\u0131, al\u0131n b\u00f6lgesinin ve ka\u015flar\u0131n d\u00fc\u015f\u00fckl\u00fc\u011f\u00fcn\u00fc d\u00fczeltmek, y\u00fcz ifadesini canland\u0131rmak ve daha gen\u00e7 bir g\u00f6r\u00fcn\u00fcm kazand\u0131rmak amac\u0131yla yap\u0131lan cerrahi bir i\u015flemdir. Ayn\u0131 zamanda al\u0131n k\u0131r\u0131\u015f\u0131kl\u0131klar\u0131n\u0131n hafifletilmesi, ka\u015flar aras\u0131ndaki derin \u00e7izgilerin giderilmesi ve g\u00f6z \u00e7evresinin daha a\u00e7\u0131k hale getirilmesi gibi ek estetik faydalar da sa\u011flar.<\/p>\n<p>Ka\u015f kald\u0131rma i\u015flemi farkl\u0131 tekniklerle ger\u00e7ekle\u015ftirilebilir. A\u00e7\u0131k al\u0131n germe, endoskopik ka\u015f kald\u0131rma ve temporal lift gibi y\u00f6ntemler, hastan\u0131n ihtiya\u00e7lar\u0131na ve y\u00fcz anatomisine g\u00f6re se\u00e7ilir. Ameliyat\u0131n amac\u0131, ka\u015flar\u0131 ideal estetik pozisyona getirirken do\u011fal bir y\u00fcz ifadesini korumakt\u0131r.<\/p>\n<p>Prof. Dr. Ozan Seymen, her hastas\u0131nda y\u00fcz\u00fcn genel oranlar\u0131n\u0131 ve mimik dinamiklerini dikkate alarak ki\u015fiye \u00f6zel bir ka\u015f kald\u0131rma planlamas\u0131 yapar.<\/p>\n<h2><span class=\"ez-toc-section\" id=\"Kas_Dusuklugu_Neden_Olusur\"><\/span>Ka\u015f D\u00fc\u015f\u00fckl\u00fc\u011f\u00fc Neden Olu\u015fur?<span class=\"ez-toc-section-end\"><\/span><\/h2>\n<p>Ka\u015f d\u00fc\u015f\u00fckl\u00fc\u011f\u00fc, ya\u015flanman\u0131n do\u011fal bir sonucu olarak ortaya \u00e7\u0131kar. Cilt elastikiyetinin azalmas\u0131, yer\u00e7ekimi etkisiyle ka\u015flar\u0131n ve al\u0131n dokusunun a\u015fa\u011f\u0131 do\u011fru sarkmas\u0131na neden olur.<\/p>\n<p>Bununla birlikte, genetik fakt\u00f6rler de \u00f6nemli rol oynar. Baz\u0131 bireylerde gen\u00e7 ya\u015flardan itibaren ka\u015flar do\u011fal olarak d\u00fc\u015f\u00fck konumda olabilir. Ayr\u0131ca g\u00fcne\u015f hasar\u0131, sigara kullan\u0131m\u0131 ve stres gibi ya\u015fam tarz\u0131 fakt\u00f6rleri de cilt ya\u015flanmas\u0131n\u0131 h\u0131zland\u0131rarak ka\u015f sarkmas\u0131n\u0131 art\u0131rabilir.<\/p>\n<p>Ka\u015f d\u00fc\u015f\u00fckl\u00fc\u011f\u00fc sadece estetik bir sorun de\u011fildir. \u0130leri derecede oldu\u011funda, \u00fcst g\u00f6z kapa\u011f\u0131nda bask\u0131ya neden olarak g\u00f6rme alan\u0131n\u0131 daraltabilir ve fonksiyonel problemlere yol a\u00e7abilir.<\/p>\n<p>Prof. Dr. Ozan Seymen, ka\u015f d\u00fc\u015f\u00fckl\u00fc\u011f\u00fcn\u00fcn alt\u0131nda yatan nedenleri ayr\u0131nt\u0131l\u0131 bir \u015fekilde de\u011ferlendirerek, hastalar\u0131na hem estetik hem de fonksiyonel a\u00e7\u0131dan en do\u011fru \u00e7\u00f6z\u00fcmleri sunar.<\/p>\n<h2><span class=\"ez-toc-section\" id=\"Kas_Kaldirma_Ameliyati_Kimler_Icin_Uygundur\"><\/span>Ka\u015f Kald\u0131rma Ameliyat\u0131 Kimler \u0130\u00e7in Uygundur?<span class=\"ez-toc-section-end\"><\/span><\/h2>\n<p>Ka\u015f kald\u0131rma ameliyat\u0131, y\u00fcz ifadesinde yorgunluk, mutsuzluk veya ya\u015fl\u0131l\u0131k alg\u0131s\u0131 olu\u015fan bireyler i\u00e7in uygundur. \u00d6zellikle ka\u015flar\u0131n\u0131n do\u011fal konumu d\u00fc\u015f\u00fck olanlar, ya\u015flanmaya ba\u011fl\u0131 ka\u015f d\u00fc\u015f\u00fckl\u00fc\u011f\u00fc ya\u015fayanlar veya \u00fcst g\u00f6z kapa\u011f\u0131nda a\u011f\u0131rla\u015fma hisseden bireyler bu i\u015flemden b\u00fcy\u00fck fayda g\u00f6rebilir.<\/p>\n<p>Ameliyat i\u00e7in uygun adaylar\u0131n genel sa\u011fl\u0131k durumunun iyi olmas\u0131, sigara kullanmamas\u0131 veya kullan\u0131m\u0131n\u0131 ameliyat \u00f6ncesinde b\u0131rakmaya istekli olmas\u0131, ger\u00e7ek\u00e7i beklentilere sahip olmas\u0131 ve iyile\u015fme s\u00fcrecine uyum sa\u011flayabilecek olmas\u0131 gerekir.<\/p>\n<p>Prof. Dr. Ozan Seymen, her hasta i\u00e7in detayl\u0131 bir y\u00fcz analizi yaparak, ka\u015f kald\u0131rma ameliyat\u0131n\u0131n en uygun \u00e7\u00f6z\u00fcm olup olmad\u0131\u011f\u0131n\u0131 belirler ve tedavi plan\u0131n\u0131 ki\u015fiye \u00f6zel olarak olu\u015fturur.<\/p>\n<h3><span class=\"ez-toc-section\" id=\"Kas_Kaldirma_Ameliyati_Oncesi_Planlama_Sureci\"><\/span>Ka\u015f Kald\u0131rma Ameliyat\u0131 \u00d6ncesi Planlama S\u00fcreci<span class=\"ez-toc-section-end\"><\/span><\/h3>\n<p>Ba\u015far\u0131l\u0131 bir ka\u015f kald\u0131rma ameliyat\u0131n\u0131n temel ta\u015f\u0131, do\u011fru planlamad\u0131r. Ameliyat \u00f6ncesinde hastan\u0131n y\u00fcz oranlar\u0131, ka\u015f pozisyonu, al\u0131n cilt kalitesi, g\u00f6z \u00e7evresi anatomisi ve mimik dinamikleri dikkatlice de\u011ferlendirilir.<\/p>\n<p>Ayr\u0131ca hastan\u0131n estetik beklentileri detayl\u0131 \u015fekilde sorgulan\u0131r. Ka\u015flar\u0131n ne kadar kald\u0131r\u0131laca\u011f\u0131, hangi tekni\u011fin kullan\u0131laca\u011f\u0131 ve ameliyat sonras\u0131 hedeflenen g\u00f6r\u00fcn\u00fcm konusunda hastayla ortak bir anlay\u0131\u015f geli\u015ftirilir.<\/p>\n<p>Prof. Dr. Ozan Seymen, y\u00fcz esteti\u011finin bir b\u00fct\u00fcn oldu\u011funu savunur ve ka\u015f kald\u0131rma i\u015flemini planlarken al\u0131n, g\u00f6z kapa\u011f\u0131 ve \u015fakak b\u00f6lgesi gibi di\u011fer yap\u0131larla uyumu da dikkate al\u0131r. B\u00f6ylece hem do\u011fal hem de dengeli sonu\u00e7lar elde edilir.<\/p>\n<h3><span class=\"ez-toc-section\" id=\"Kas_Kaldirma_Ameliyati_Nasil_Yapilir\"><\/span>Ka\u015f Kald\u0131rma Ameliyat\u0131 Nas\u0131l Yap\u0131l\u0131r?<span class=\"ez-toc-section-end\"><\/span><\/h3>\n<p>Ka\u015f kald\u0131rma ameliyat\u0131, hastan\u0131n y\u00fcz anatomisine, ka\u015f d\u00fc\u015f\u00fckl\u00fc\u011f\u00fcn\u00fcn derecesine ve estetik hedeflerine g\u00f6re farkl\u0131 cerrahi tekniklerle uygulanabilir. En s\u0131k kullan\u0131lan y\u00f6ntemler aras\u0131nda a\u00e7\u0131k al\u0131n germe (koronal lift), endoskopik ka\u015f kald\u0131rma ve temporal lift (\u015fakak germe) teknikleri yer al\u0131r.<\/p>\n<p>A\u00e7\u0131k al\u0131n germe tekni\u011finde sa\u00e7l\u0131 derinin i\u00e7inden uzun bir kesi yap\u0131larak al\u0131n cildi yukar\u0131 do\u011fru gerilir ve fazla deri \u00e7\u0131kar\u0131l\u0131r. Ka\u015flar istenilen konuma getirilir ve doku, gergin bir \u015fekilde sabitlenir. Bu y\u00f6ntem daha ileri ya\u015f grubunda ve belirgin al\u0131n k\u0131r\u0131\u015f\u0131kl\u0131\u011f\u0131 olan hastalarda tercih edilir.<\/p>\n<p>Endoskopik ka\u015f kald\u0131rma ise minimal invaziv bir tekniktir. Sa\u00e7l\u0131 derinin i\u00e7ine birka\u00e7 k\u00fc\u00e7\u00fck kesi yap\u0131l\u0131r ve endoskopik kamera yard\u0131m\u0131yla al\u0131n dokusu serbestle\u015ftirilerek yukar\u0131 do\u011fru as\u0131l\u0131r. \u0130zlerin \u00e7ok k\u00fc\u00e7\u00fck olmas\u0131 ve iyile\u015fmenin h\u0131zl\u0131 olmas\u0131 nedeniyle daha gen\u00e7 hastalarda tercih edilen bir y\u00f6ntemdir.<\/p>\n<p>Temporal lift y\u00f6nteminde ise sadece \u015fakak b\u00f6lgesi hedef al\u0131n\u0131r. Hafif d\u00fczeyde ka\u015f d\u00fc\u015f\u00fckl\u00fc\u011f\u00fc olan hastalarda etkili sonu\u00e7lar sa\u011flayan, daha k\u0131sa s\u00fcren bir i\u015flemdir.<\/p>\n<p>Prof. Dr. Ozan Seymen, hastalar\u0131n\u0131n y\u00fcz yap\u0131lar\u0131n\u0131 ve ihtiya\u00e7lar\u0131n\u0131 de\u011ferlendirerek en uygun ka\u015f kald\u0131rma tekni\u011fini belirler ve ki\u015fiye \u00f6zel cerrahi planlama yapar.<\/p>\n<h3><span class=\"ez-toc-section\" id=\"Kas_Kaldirma_Ameliyati_Sonrasi_Iyilesme_Sureci\"><\/span>Ka\u015f Kald\u0131rma Ameliyat\u0131 Sonras\u0131 \u0130yile\u015fme S\u00fcreci<span class=\"ez-toc-section-end\"><\/span><\/h3>\n<p>Ka\u015f kald\u0131rma ameliyat\u0131 sonras\u0131 iyile\u015fme s\u00fcreci, uygulanan cerrahi tekni\u011fe ve hastan\u0131n bireysel iyile\u015fme kapasitesine ba\u011fl\u0131 olarak de\u011fi\u015fmekle birlikte genellikle h\u0131zl\u0131 ve konforludur.<\/p>\n<p>\u0130lk g\u00fcnlerde \u015fi\u015flik, hafif morluk ve gerginlik hissi normaldir. Bu belirtiler birka\u00e7 g\u00fcn i\u00e7erisinde belirgin \u015fekilde azal\u0131r. Ba\u015f b\u00f6lgesinin y\u00fcksekte tutulmas\u0131, buz uygulamalar\u0131 ve doktorun \u00f6nerdi\u011fi ila\u00e7lar iyile\u015fme s\u00fcrecini destekler.<\/p>\n<p>Diki\u015fler genellikle 7 ila 10 g\u00fcn sonra al\u0131n\u0131r. Endoskopik y\u00f6ntemle yap\u0131lan ka\u015f kald\u0131rmada, iyile\u015fme daha h\u0131zl\u0131 seyrederken a\u00e7\u0131k al\u0131n germe gibi daha b\u00fcy\u00fck i\u015flemlerde bu s\u00fcre\u00e7 biraz daha uzun olabilir.<\/p>\n<p>Ameliyat sonras\u0131 d\u00f6nemde a\u011f\u0131r spor aktivitelerinden ka\u00e7\u0131n\u0131lmas\u0131, g\u00fcne\u015ften korunulmas\u0131 ve verilen bak\u0131m \u00f6nerilerine uyulmas\u0131 iyile\u015fmenin h\u0131zlanmas\u0131n\u0131 sa\u011flar.<\/p>\n<p>Prof. Dr. Ozan Seymen, ameliyat sonras\u0131 d\u00f6nemde hastalar\u0131n\u0131n kontrollerini d\u00fczenli yaparak iyile\u015fme s\u00fcrecini titizlikle izler ve gereken t\u00fcm destekleri sa\u011flar.<\/p>\n<p><strong>Ka\u015f Kald\u0131rma Ameliyat\u0131 Riskleri ve Komplikasyonlar\u0131<\/strong><\/p>\n<p>Ka\u015f kald\u0131rma ameliyat\u0131 genel olarak g\u00fcvenli bir cerrahi giri\u015fimdir. Ancak her ameliyatta oldu\u011fu gibi baz\u0131 riskler mevcuttur. Bu riskler, deneyimli bir cerrah ve do\u011fru hasta se\u00e7imiyle b\u00fcy\u00fck \u00f6l\u00e7\u00fcde azalt\u0131labilir.<\/p>\n<p>Enfeksiyon, kanama, ge\u00e7ici his kayb\u0131, yara izinde belirginlik veya ka\u015f asimetrisi gibi komplikasyonlar nadiren de olsa g\u00f6r\u00fclebilir. Endoskopik y\u00f6ntemlerde izler minimal oldu\u011fundan izle ilgili estetik problemler daha az g\u00f6r\u00fcl\u00fcr.<\/p>\n<p>Baz\u0131 hastalarda ge\u00e7ici al\u0131n b\u00f6lgesinde uyu\u015fukluk veya gerginlik hissi olabilir. Bu durumlar genellikle birka\u00e7 hafta i\u00e7inde kendili\u011finden d\u00fczelir.<\/p>\n<p>Prof. Dr. Ozan Seymen, her ameliyat \u00f6ncesinde hastalar\u0131n\u0131 t\u00fcm olas\u0131 riskler konusunda ayr\u0131nt\u0131l\u0131 \u015fekilde bilgilendirir ve operasyon sonras\u0131 d\u00f6nemde komplikasyonlar\u0131n \u00f6n\u00fcne ge\u00e7ilmesi i\u00e7in gerekli \u00f6nlemleri al\u0131r.<\/p>\n<p><strong>Ka\u015f Kald\u0131rma Ameliyat\u0131 Sonu\u00e7lar\u0131n\u0131n Kal\u0131c\u0131l\u0131\u011f\u0131<\/strong><\/p>\n<p>Ka\u015f kald\u0131rma ameliyat\u0131 sonu\u00e7lar\u0131 uzun y\u0131llar boyunca kal\u0131c\u0131l\u0131\u011f\u0131n\u0131 korur. Ancak ya\u015flanma s\u00fcreci devam etti\u011fi i\u00e7in zamanla cilt elastikiyetinde yeniden azalma olabilir. Bu do\u011fal s\u00fcrece ra\u011fmen, ameliyatla elde edilen gen\u00e7 ve dinamik g\u00f6r\u00fcn\u00fcm belirgin \u015fekilde korunur.<\/p>\n<p>Do\u011fru teknikle ve y\u00fcz yap\u0131s\u0131na uygun \u015fekilde yap\u0131lan ka\u015f kald\u0131rma i\u015flemleri, hastalara 10-15 y\u0131l veya daha uzun s\u00fcre etkili sonu\u00e7lar sa\u011flar.<\/p>\n<p>Prof. Dr. Ozan Seymen, ameliyat s\u0131ras\u0131nda y\u00fcz anatomisinin ve ya\u015flanma s\u00fcre\u00e7lerinin do\u011fall\u0131\u011f\u0131na sayg\u0131 g\u00f6stererek \u00e7al\u0131\u015f\u0131r. B\u00f6ylece hem uzun \u00f6m\u00fcrl\u00fc hem de estetik a\u00e7\u0131dan do\u011fal sonu\u00e7lar elde edilir.<\/p>\n<p><strong>Ka\u015f Kald\u0131rma Ameliyat\u0131 Fiyatlar\u0131<\/strong><\/p>\n<p>Ka\u015f kald\u0131rma ameliyat\u0131 fiyatlar\u0131, kullan\u0131lan cerrahi teknik, ameliyat\u0131n kapsam\u0131, cerrah\u0131n deneyimi ve operasyonun yap\u0131laca\u011f\u0131 hastane ko\u015fullar\u0131 gibi fakt\u00f6rlere ba\u011fl\u0131 olarak de\u011fi\u015fir.<\/p>\n<p>\u0130stanbul\u2019da Prof. Dr. Ozan Seymen taraf\u0131ndan ger\u00e7ekle\u015ftirilen ka\u015f kald\u0131rma ameliyatlar\u0131nda, hastalar\u0131n ihtiya\u00e7lar\u0131na g\u00f6re detayl\u0131 bir de\u011ferlendirme yap\u0131l\u0131r ve ki\u015fiye \u00f6zel bir tedavi plan\u0131 haz\u0131rlan\u0131r. Bu do\u011frultuda net ve \u015feffaf bir fiyatland\u0131rma sunulur.<\/p>\n<p>Fiyat de\u011ferlendirmesinde yaln\u0131zca operasyon bedeli de\u011fil, ameliyat sonras\u0131 takip s\u00fcre\u00e7leri, cerrahi deneyim ve elde edilecek estetik ba\u015far\u0131n\u0131n uzun vadeli etkileri de g\u00f6z \u00f6n\u00fcnde bulundurulmal\u0131d\u0131r.<\/p>\n<p>Prof. Dr. Ozan Seymen, y\u00fcksek standartlarda hizmet sunarken adil bir fiyat politikas\u0131 benimsemekte ve hastalar\u0131n\u0131n memnuniyetini \u00f6n planda tutmaktad\u0131r.<\/p>\n<p><strong>Ka\u015f kald\u0131rma ameliyat\u0131 sonras\u0131 mimikler etkilenir mi?<\/strong><\/p>\n<p>Do\u011fru teknikle yap\u0131lan ka\u015f kald\u0131rma ameliyatlar\u0131nda mimikler do\u011fal kal\u0131r. Endoskopik y\u00f6ntem gibi minimal invaziv tekniklerle y\u00fcz ifadesi korunur.<\/p>\n<p><strong>Ameliyat sonras\u0131 iz kal\u0131r m\u0131?<\/strong><\/p>\n<p>Endoskopik y\u00f6ntemlerde izler sa\u00e7l\u0131 derinin i\u00e7inde gizlenir ve zamanla tamamen belirsiz hale gelir. A\u00e7\u0131k y\u00f6ntemlerde de izler sa\u00e7 \u00e7izgisi i\u00e7inde veya do\u011fal k\u0131vr\u0131mlarda gizlenir.<\/p>\n<p><strong>Ka\u015f kald\u0131rma ameliyat\u0131 a\u011fr\u0131l\u0131 m\u0131d\u0131r?<\/strong><\/p>\n<p>Ameliyat sonras\u0131 hafif rahats\u0131zl\u0131k ve gerginlik hissi olabilir ancak \u015fiddetli a\u011fr\u0131 nadirdir. A\u011fr\u0131 kesicilerle bu durum kolayca kontrol alt\u0131na al\u0131n\u0131r.<\/p>\n<p><strong>Ka\u00e7 ya\u015f\u0131nda ka\u015f kald\u0131rma yap\u0131labilir?<\/strong><\/p>\n<p>Genellikle 30 ya\u015f \u00fczeri bireylerde yap\u0131lmakla birlikte, genetik ka\u015f d\u00fc\u015f\u00fckl\u00fc\u011f\u00fc olan daha gen\u00e7 bireylerde de uygulanabilir.<\/p>\n<p><strong>Ka\u015f kald\u0131rma ameliyat\u0131 ile g\u00f6z kapa\u011f\u0131 esteti\u011fi birlikte yap\u0131labilir mi?<\/strong><\/p>\n<p>Evet, \u00fcst g\u00f6z kapa\u011f\u0131 esteti\u011fi (blefaroplasti) ve ka\u015f kald\u0131rma ameliyat\u0131 \u00e7o\u011fu zaman kombine \u015fekilde yap\u0131l\u0131r ve \u00e7ok daha etkili sonu\u00e7lar elde edilir.<\/p>\n<p>Ka\u015f kald\u0131rma ameliyat\u0131, sadece estetik bir m\u00fcdahale olman\u0131n \u00f6tesinde, bireyin y\u00fcz ifadesini, enerjisini ve ya\u015fam kalitesini etkileyen g\u00fc\u00e7l\u00fc bir d\u00f6n\u00fc\u015f\u00fcm sa\u011flar. Do\u011fal ya\u015flanma s\u00fcrecinin getirdi\u011fi olumsuz etkileri geri \u00e7evirerek, ki\u015fiye daha gen\u00e7, dinamik ve sa\u011fl\u0131kl\u0131 bir g\u00f6r\u00fcn\u00fcm kazand\u0131r\u0131r.<\/p>\n<p>\u0130stanbul\u2019da kendi klini\u011finde hizmet veren KBB Uzman\u0131 Prof. Dr. Ozan Seymen, ka\u015f kald\u0131rma ameliyat\u0131 alan\u0131nda sahip oldu\u011fu bilimsel bilgi birikimi ve estetik vizyonu ile hastalar\u0131na hem do\u011fal hem de uzun \u00f6m\u00fcrl\u00fc sonu\u00e7lar sunmaktad\u0131r.<\/p>\n<p>E\u011fer siz de yorgun ve ya\u015fl\u0131 bir g\u00f6r\u00fcn\u00fcmden kurtulup y\u00fcz\u00fcn\u00fczde gen\u00e7, canl\u0131 ve etkileyici bir ifade elde etmek istiyorsan\u0131z, Prof. Dr. Ozan Seymen ile ileti\u015fime ge\u00e7erek ka\u015f kald\u0131rma ameliyat\u0131 hakk\u0131nda detayl\u0131 bilgi alabilir ve ki\u015fiye \u00f6zel \u00e7\u00f6z\u00fcmlerle hayat\u0131n\u0131za yeni bir enerji katabilirsiniz.<\/p>\n<div id=\"detail\" class=\"single-detail-content mt-5\">\n<div class=\"c-container container\">\n<article><strong>Instagram :\u00a0<a href=\"https:\/\/www.instagram.com\/drozanseymen\/\" target=\"_blank\" rel=\"noopener\">@drozanseymen<\/a><\/strong><\/article>\n<\/div>\n<\/div>\n","protected":false},"excerpt":{"rendered":"<p>Ka\u015f Kald\u0131rma Ameliyat\u0131 : Y\u00fcz\u00fcm\u00fcz, duygular\u0131m\u0131z\u0131 ifade etmenin en g\u00fc\u00e7l\u00fc arac\u0131d\u0131r ve ka\u015flar bu ifadede merkezi bir rol oynar. Ya\u015flanmayla birlikte yer\u00e7ekimi etkisi, cilt elastikiyetinin azalmas\u0131 ve kas tonusunun zay\u0131flamas\u0131 gibi nedenlerle ka\u015flar a\u015fa\u011f\u0131 do\u011fru sarkmaya ba\u015flar. Bu durum ki\u015fiye yorgun, \u00fczg\u00fcn ve ya\u015fl\u0131 bir g\u00f6r\u00fcn\u00fcm kazand\u0131rabilir. Ka\u015f kald\u0131rma ameliyat\u0131, hem estetik hem de fonksiyonel [&hellip;]<\/p>\n","protected":false},"author":1,"featured_media":58,"comment_status":"open","ping_status":"open","sticky":false,"template":"","format":"standard","meta":{"footnotes":""},"categories":[5],"tags":[],"class_list":["post-57","post","type-post","status-publish","format-standard","has-post-thumbnail","hentry","category-estetik-cerrahi"],"_links":{"self":[{"href":"https:\/\/www.ozanseymen.com\/tr\/wp-json\/wp\/v2\/posts\/57","targetHints":{"allow":["GET"]}}],"collection":[{"href":"https:\/\/www.ozanseymen.com\/tr\/wp-json\/wp\/v2\/posts"}],"about":[{"href":"https:\/\/www.ozanseymen.com\/tr\/wp-json\/wp\/v2\/types\/post"}],"author":[{"embeddable":true,"href":"https:\/\/www.ozanseymen.com\/tr\/wp-json\/wp\/v2\/users\/1"}],"replies":[{"embeddable":true,"href":"https:\/\/www.ozanseymen.com\/tr\/wp-json\/wp\/v2\/comments?post=57"}],"version-history":[{"count":10,"href":"https:\/\/www.ozanseymen.com\/tr\/wp-json\/wp\/v2\/posts\/57\/revisions"}],"predecessor-version":[{"id":1619,"href":"https:\/\/www.ozanseymen.com\/tr\/wp-json\/wp\/v2\/posts\/57\/revisions\/1619"}],"wp:featuredmedia":[{"embeddable":true,"href":"https:\/\/www.ozanseymen.com\/tr\/wp-json\/wp\/v2\/media\/58"}],"wp:attachment":[{"href":"https:\/\/www.ozanseymen.com\/tr\/wp-json\/wp\/v2\/media?parent=57"}],"wp:term":[{"taxonomy":"category","embeddable":true,"href":"https:\/\/www.ozanseymen.com\/tr\/wp-json\/wp\/v2\/categories?post=57"},{"taxonomy":"post_tag","embeddable":true,"href":"https:\/\/www.ozanseymen.com\/tr\/wp-json\/wp\/v2\/tags?post=57"}],"curies":[{"name":"wp","href":"https:\/\/api.w.org\/{rel}","templated":true}]}}