{"id":51,"date":"2025-04-17T17:03:30","date_gmt":"2025-04-17T14:03:30","guid":{"rendered":"https:\/\/www.ozanseymen.com\/tr\/?p=51"},"modified":"2025-04-30T18:42:54","modified_gmt":"2025-04-30T15:42:54","slug":"yuz-genclestirme-yuz-germe","status":"publish","type":"post","link":"https:\/\/www.ozanseymen.com\/tr\/yuz-genclestirme-yuz-germe\/","title":{"rendered":"Endoskopik Orta Y\u00fcz Gen\u00e7le\u015ftirme"},"content":{"rendered":"<div id=\"ez-toc-container\" class=\"ez-toc-v2_0_82_2 counter-flat ez-toc-counter ez-toc-grey ez-toc-container-direction\">\n<div class=\"ez-toc-title-container\">\n<p class=\"ez-toc-title\" style=\"cursor:inherit\">\u0130\u00e7indekiler<\/p>\n<span class=\"ez-toc-title-toggle\"><a href=\"#\" class=\"ez-toc-pull-right ez-toc-btn ez-toc-btn-xs ez-toc-btn-default ez-toc-toggle\" aria-label=\"\u0130\u00e7indekiler Tablosunu A\u00e7\/Kapat\"><span class=\"ez-toc-js-icon-con\"><span class=\"\"><span class=\"eztoc-hide\" style=\"display:none;\">Toggle<\/span><span class=\"ez-toc-icon-toggle-span\"><svg style=\"fill: #999;color:#999\" xmlns=\"http:\/\/www.w3.org\/2000\/svg\" class=\"list-377408\" width=\"20px\" height=\"20px\" viewBox=\"0 0 24 24\" fill=\"none\"><path d=\"M6 6H4v2h2V6zm14 0H8v2h12V6zM4 11h2v2H4v-2zm16 0H8v2h12v-2zM4 16h2v2H4v-2zm16 0H8v2h12v-2z\" fill=\"currentColor\"><\/path><\/svg><svg style=\"fill: #999;color:#999\" class=\"arrow-unsorted-368013\" xmlns=\"http:\/\/www.w3.org\/2000\/svg\" width=\"10px\" height=\"10px\" viewBox=\"0 0 24 24\" version=\"1.2\" baseProfile=\"tiny\"><path d=\"M18.2 9.3l-6.2-6.3-6.2 6.3c-.2.2-.3.4-.3.7s.1.5.3.7c.2.2.4.3.7.3h11c.3 0 .5-.1.7-.3.2-.2.3-.5.3-.7s-.1-.5-.3-.7zM5.8 14.7l6.2 6.3 6.2-6.3c.2-.2.3-.5.3-.7s-.1-.5-.3-.7c-.2-.2-.4-.3-.7-.3h-11c-.3 0-.5.1-.7.3-.2.2-.3.5-.3.7s.1.5.3.7z\"\/><\/svg><\/span><\/span><\/span><\/a><\/span><\/div>\n<nav><ul class='ez-toc-list ez-toc-list-level-1 eztoc-toggle-hide-by-default' ><li class='ez-toc-page-1'><a class=\"ez-toc-link ez-toc-heading-1\" href=\"https:\/\/www.ozanseymen.com\/tr\/yuz-genclestirme-yuz-germe\/#Endoskopik_Orta_Yuz_Genclestirme_%E2%80%93_Yuz_Germe\" >Endoskopik Orta Y\u00fcz Gen\u00e7le\u015ftirme \u2013 Y\u00fcz Germe<\/a><\/li><li class='ez-toc-page-1'><a class=\"ez-toc-link ez-toc-heading-2\" href=\"https:\/\/www.ozanseymen.com\/tr\/yuz-genclestirme-yuz-germe\/#Endoskopik_Orta_Yuz_Genclestirme_Nasil_Yapilir\" >Endoskopik Orta Y\u00fcz Gen\u00e7le\u015ftirme Nas\u0131l Yap\u0131l\u0131r?<\/a><\/li><li class='ez-toc-page-1'><a class=\"ez-toc-link ez-toc-heading-3\" href=\"https:\/\/www.ozanseymen.com\/tr\/yuz-genclestirme-yuz-germe\/#Orta_Yuz_Genclestirme_Islemleri_Kimlere_Yapilir\" >Orta Y\u00fcz Gen\u00e7le\u015ftirme \u0130\u015flemleri Kimlere Yap\u0131l\u0131r?<\/a><\/li><li class='ez-toc-page-1'><a class=\"ez-toc-link ez-toc-heading-4\" href=\"https:\/\/www.ozanseymen.com\/tr\/yuz-genclestirme-yuz-germe\/#Orta_Yuz_Genclestirme_Islemleri_Dezavantajlari_Nelerdir\" >Orta Y\u00fcz Gen\u00e7le\u015ftirme \u0130\u015flemleri Dezavantajlar\u0131 Nelerdir?<\/a><\/li><li class='ez-toc-page-1'><a class=\"ez-toc-link ez-toc-heading-5\" href=\"https:\/\/www.ozanseymen.com\/tr\/yuz-genclestirme-yuz-germe\/#PRP\" >PRP<\/a><\/li><li class='ez-toc-page-1'><a class=\"ez-toc-link ez-toc-heading-6\" href=\"https:\/\/www.ozanseymen.com\/tr\/yuz-genclestirme-yuz-germe\/#PRP_Nasil_Uygulanir\" >PRP Nas\u0131l Uygulan\u0131r?<\/a><\/li><li class='ez-toc-page-1'><a class=\"ez-toc-link ez-toc-heading-7\" href=\"https:\/\/www.ozanseymen.com\/tr\/yuz-genclestirme-yuz-germe\/#PRP_Uygulama_Asamalari_Nelerdir\" >PRP Uygulama A\u015famalar\u0131 Nelerdir?<\/a><\/li><li class='ez-toc-page-1'><a class=\"ez-toc-link ez-toc-heading-8\" href=\"https:\/\/www.ozanseymen.com\/tr\/yuz-genclestirme-yuz-germe\/#PRP_Hangi_Bolgelere_Uygulanir\" >PRP Hangi B\u00f6lgelere Uygulan\u0131r?<\/a><\/li><\/ul><\/nav><\/div>\n<h2><span class=\"ez-toc-section\" id=\"Endoskopik_Orta_Yuz_Genclestirme_%E2%80%93_Yuz_Germe\"><\/span><strong>Endoskopik Orta Y\u00fcz Gen\u00e7le\u015ftirme \u2013 Y\u00fcz Germe<\/strong><span class=\"ez-toc-section-end\"><\/span><\/h2>\n<p>Y\u00fcz\u00fcm\u00fcz ya\u015fland\u0131k\u00e7a; cildimizde olu\u015fan k\u0131r\u0131\u015f\u0131kl\u0131klar d\u0131\u015f\u0131nda doku sarkmalar\u0131, do\u011fal oluklarda daha belirginle\u015fme ve ya\u011fl\u0131 dokularda hacim kay\u0131plar\u0131 g\u00f6r\u00fcl\u00fcr.<\/p>\n<p>Orta ya\u015ftan sonra \u00f6zellikle zigoma denilen elmac\u0131k kemikleri b\u00f6lgesindeki doku hacim kayb\u0131na u\u011frar a\u015fa\u011f\u0131 do\u011fru yer de\u011fi\u015ftirir ve yanak dudak hatt\u0131 belirginle\u015fir.<\/p>\n<p>Bu g\u00f6r\u00fcn\u00fcm\u00fc d\u00fczeltmek daha gen\u00e7 ve g\u00fczel bir g\u00f6r\u00fcn\u00fcm sa\u011flar. Bu g\u00f6r\u00fcn\u00fcm\u00fc elde etmek i\u00e7in ya\u011f enjeksiyonlar\u0131 kullan\u0131labildi\u011fi gibi al\u0131n germe ve ka\u015f kald\u0131rma s\u0131ras\u0131nda yap\u0131lan sa\u00e7 i\u00e7i kesilerden endoskopla girerek zigoma b\u00f6lgesinden a\u015fa\u011f\u0131 sarkm\u0131\u015f dokular yukar\u0131ya do\u011fru y\u00f6nlendirilip, bu b\u00f6lgedeki hacim kayb\u0131, sarkma ve belirginle\u015fen oluklar d\u00fczeltilebilir.<\/p>\n<h2><span class=\"ez-toc-section\" id=\"Endoskopik_Orta_Yuz_Genclestirme_Nasil_Yapilir\"><\/span><strong>Endoskopik Orta Y\u00fcz Gen\u00e7le\u015ftirme Nas\u0131l Yap\u0131l\u0131r?<\/strong><span class=\"ez-toc-section-end\"><\/span><\/h2>\n<p>Orta y\u00fcz k\u0131sm\u0131nda yer alan yap\u0131lar; alt g\u00f6z kapaklar\u0131, yanaklar ve elmac\u0131k kemikleri olmaktad\u0131r. Ya\u015f\u0131n ilerlemesi ile beraber yanaktaki dolgunluk azalmaya ba\u015flayarak, yanaklarda a\u015fa\u011f\u0131ya do\u011fru sarkmalar meydana gelir.<\/p>\n<p>Daha sonra orta y\u00fcz b\u00f6lgesi bas\u0131kla\u015f\u0131r ve d\u00fczle\u015fir. Y\u00fcz, oval g\u00f6r\u00fcn\u00fcm\u00fcn\u00fc kaybetmeye ba\u015flayarak, \u00e7o\u011funlukla dikd\u00f6rtgen bir hal al\u0131r. Ya\u015f ile beraber alt g\u00f6z kapa\u011f\u0131ndaki torbalarda da belirginle\u015fmeler meydana gelir, alt g\u00f6z kapa\u011f\u0131 uzam\u0131\u015f \u015fekilde g\u00f6r\u00fcn\u00fcr.<\/p>\n<p>Yanak ve g\u00f6z kapa\u011f\u0131 aras\u0131nda derin bir hat meydana gelir. Bu hat; g\u00f6zya\u015f\u0131 olu\u011fu olarak isimlendirilir. Bu g\u00f6r\u00fcnt\u00fc; insanlar\u0131n yorgun ve ya\u015fl\u0131 g\u00f6r\u00fcnmesine yol a\u00e7ar. Bunun d\u0131\u015f\u0131nda sarkan yanaklar; burun ve dudak kenarlar\u0131 aras\u0131nda iki deri \u00e7izginin olu\u015fmas\u0131na sebep olur.<\/p>\n<p>Bu \u00e7izgilere de nazolabial oluk ad\u0131 verilmektedir. Orta y\u00fcz yap\u0131s\u0131nda ama\u00e7; kaybedilmi\u015f olan yumu\u015fak dokuyu yerine koymak, a\u015fa\u011f\u0131ya do\u011fru sarkm\u0131\u015f olan yap\u0131lar\u0131 yukar\u0131 ta\u015f\u0131mak ve bozulmu\u015f olan alt g\u00f6z kapa\u011f\u0131-yanak ili\u015fkisini revize etmek ve iyile\u015ftirmektir.<\/p>\n<p>Bu alanlarda uygulanabilecek gen\u00e7le\u015ftirme i\u015flemleri alt g\u00f6z kapa\u011f\u0131 ameliyat\u0131 (alt blefaroplasti), endoskopik orta y\u00fcz germe, alt kapaktan yap\u0131lan orta y\u00fcz germe i\u015flemleri, orta y\u00fcz ask\u0131lar\u0131, ya\u011f enjeksiyonlar\u0131 ve dolgular olarak ifade edilebilir.<\/p>\n<h3><span class=\"ez-toc-section\" id=\"Orta_Yuz_Genclestirme_Islemleri_Kimlere_Yapilir\"><\/span><strong>Orta Y\u00fcz Gen\u00e7le\u015ftirme \u0130\u015flemleri Kimlere Yap\u0131l\u0131r?<\/strong><span class=\"ez-toc-section-end\"><\/span><\/h3>\n<p>Ya\u015f\u0131n ilerlemesi ile beraber orta y\u00fcz b\u00f6lgesi bas\u0131kla\u015fm\u0131\u015f, yanaklar\u0131 a\u015fa\u011f\u0131ya do\u011fru sarkm\u0131\u015f, g\u00f6zya\u015f\u0131 olu\u011fu deformitesi geli\u015fmi\u015f, dudak-burun oluklar\u0131 derinle\u015fmi\u015f ki\u015filer orta y\u00fcz gen\u00e7le\u015ftirme ameliyat\u0131 i\u00e7in uygundur.<\/p>\n<p>Bu t\u00fcr sorunlar daha \u00e7ok orta ya\u015flarda belirginle\u015fir. Bundan dolay\u0131 da erken d\u00f6nemde \u00f6nlem almak ya da mevcut sorunlar\u0131 iyile\u015ftirmek ve gen\u00e7 g\u00f6r\u00fcn\u00fcm elde etmek i\u00e7in orta y\u00fcz gen\u00e7le\u015ftirme i\u015flemlerine ba\u015fvurulabilir.<\/p>\n<p>Y\u00fcz germe i\u015flemlerine ihtiya\u00e7 duymayan ancak orta y\u00fcz b\u00f6lgesinde memnuniyetsizlikleri olan 35-50 ya\u015f aras\u0131 ki\u015filere bu i\u015flemler uygulanabilir.<\/p>\n<h3><span class=\"ez-toc-section\" id=\"Orta_Yuz_Genclestirme_Islemleri_Dezavantajlari_Nelerdir\"><\/span><strong>Orta Y\u00fcz Gen\u00e7le\u015ftirme \u0130\u015flemleri Dezavantajlar\u0131 Nelerdir?<\/strong><span class=\"ez-toc-section-end\"><\/span><\/h3>\n<p>Cerrahinin dezavantajlar\u0131ndan biri elmac\u0131k kemiklerinden yanak b\u00f6lgesine ula\u015f\u0131rken y\u00fcz sinirlerine \u00e7ok yak\u0131n \u00e7al\u0131\u015f\u0131l\u0131yor olmas\u0131 ve dolay\u0131s\u0131 ile al\u0131n ve g\u00f6z b\u00f6lgesinde olu\u015fabilecek ge\u00e7ici ve \u00e7ok nadiren kal\u0131c\u0131 al\u0131n ve g\u00f6z kapa\u011f\u0131 hareketlerindeki k\u0131s\u0131tl\u0131l\u0131kt\u0131r.<\/p>\n<p>Ancak dikkatli ve anatomiye \u00f6zen g\u00f6stererek yap\u0131lan bir \u00e7al\u0131\u015fma ile genelde g\u00f6zlenmez. \u0130kinci dezavantaj yanak ve elmac\u0131k kemikleri b\u00f6lgesinde olu\u015fan \u00f6demin (\u015fi\u015fliklerin), uzun s\u00fcrede ge\u00e7mesidir. Bundan dolay\u0131 da orta y\u00fcz gen\u00e7le\u015ftirme i\u015flemleri yaln\u0131zca alan\u0131nda uzman ve deneyimli ki\u015filer taraf\u0131ndan yap\u0131lmal\u0131d\u0131r.<\/p>\n<p>Bu yakla\u015f\u0131mla do\u011fal ve g\u00fczel g\u00f6r\u00fcn\u00fcm kolayl\u0131kla elde edilebilir. Orta y\u00fcz b\u00f6lgesine uygulanan bu i\u015flem ayn\u0131 anda g\u00f6z kapa\u011f\u0131 cerrahisi yap\u0131l\u0131rsa al\u0131ndan de\u011fil g\u00f6z kapa\u011f\u0131 cerrahisi i\u00e7in yap\u0131lan kesilerden de ger\u00e7ekle\u015ftirilebilir.<\/p>\n<p>Bu i\u015flemler yeni ve olduk\u00e7a tatminkar sonu\u00e7lar verdi\u011finden \u00e7ok tercih edilir olmu\u015flard\u0131r. \u0130\u015flem s\u0131ras\u0131nda dolgu ve ya\u011f enjeksiyonlar\u0131 da ek olarak yap\u0131labilir.<\/p>\n<h2><span class=\"ez-toc-section\" id=\"PRP\"><\/span><strong>PRP<\/strong><span class=\"ez-toc-section-end\"><\/span><\/h2>\n<p>PRP, (Platelet Rich Plasma) ki\u015finin kendi kan\u0131ndan elde edilen saf iyile\u015ftirici maddelerin sorunlu b\u00f6lgeye enjeksiyonu ile uygulanan bir tedavi \u015feklidir. Ki\u015fiden al\u0131nan kan \u00f6rne\u011fi tamamen do\u011fal ve el de\u011fmeyen y\u00f6ntemlerle safla\u015ft\u0131r\u0131larak platelet h\u00fccrelerinin elde edildi\u011fi forma d\u00f6n\u00fc\u015ft\u00fcr\u00fcl\u00fcr.<\/p>\n<p>Platelet, kan\u0131n p\u0131ht\u0131la\u015fmas\u0131na destek olan \u00f6zel h\u00fccreler ya da farkl\u0131 fakt\u00f6r proteinler i\u00e7eren kan bile\u015fenlerini ifade eder. Bu asl\u0131nda \u015fu demektir; platelet, sorunlu b\u00f6lgeye enjekte edildi\u011finde \u00e7ok daha h\u0131zl\u0131 bir \u015fekilde v\u00fccudun kendini, kendi kan\u0131yla tedavi etmesi anlam\u0131na gelir. V\u00fccut dokular\u0131nda iyile\u015fme, gen\u00e7le\u015fme ve din\u00e7le\u015fme sa\u011flan\u0131r.<\/p>\n<h3><span class=\"ez-toc-section\" id=\"PRP_Nasil_Uygulanir\"><\/span><strong>PRP Nas\u0131l Uygulan\u0131r?<\/strong><span class=\"ez-toc-section-end\"><\/span><\/h3>\n<p>PRP olduk\u00e7a kolay \u015fekilde uygulanan bir tedavi y\u00f6ntemidir. 40 dakikada tamamlanmaktad\u0131r. PRP tedavisinde hastan\u0131n kan \u00f6rne\u011fi al\u0131n\u0131r. Ard\u0131ndan al\u0131nan bu \u00f6rnek trombosit bak\u0131m\u0131ndan zengin olan plazman\u0131n elde edilmesi ad\u0131na santrif\u00fcj y\u00f6ntemi kullan\u0131larak ayr\u0131l\u0131r.<\/p>\n<p>Trombositler, yaral\u0131 olan, dokular\u0131n onar\u0131lmas\u0131 i\u00e7in gerekli olan b\u00fcy\u00fcme fakt\u00f6rleri i\u00e7erdi\u011fi i\u00e7in olduk\u00e7a \u00f6nemlidir. Trombositlerin i\u00e7erdi\u011fi b\u00fcy\u00fcme unsular\u0131 da do\u011fal olarak kolajen \u00fcretiminin artmas\u0131 ve k\u00f6k h\u00fccre fakt\u00f6rleri sayesinde dokular\u0131n maksimum h\u0131zda ve yo\u011funlukta iyile\u015fmesine destek olur.<\/p>\n<p>\u0130\u00e7erdi\u011fi b\u00fcy\u00fcme fakt\u00f6rleri sayesinde kan ak\u0131m\u0131 h\u0131zlan\u0131r. PRP tedavisi bir\u00e7ok farkl\u0131 yere uygulanabilir. Cilt i\u00e7in, sa\u00e7 d\u00f6k\u00fclmeleri i\u00e7in ya da farkl\u0131 cerrahi i\u015flemler i\u00e7in PRP uygulamas\u0131na ba\u015fvurulabilir.<\/p>\n<h3><span class=\"ez-toc-section\" id=\"PRP_Uygulama_Asamalari_Nelerdir\"><\/span><strong>PRP Uygulama A\u015famalar\u0131 Nelerdir?<\/strong><span class=\"ez-toc-section-end\"><\/span><\/h3>\n<p>PRP uygulamas\u0131 bu alanda uzman bir hekim taraf\u0131ndan yap\u0131lmal\u0131d\u0131r. PRP uygulamas\u0131 ise:<\/p>\n<ul>\n<li>Uzman taraf\u0131ndan kan \u00f6rne\u011fi al\u0131n\u0131r. Kan miktar\u0131, hastaya uygulanan PRP tedavisine g\u00f6re de\u011fi\u015febilir. \u015eayet PRP tedavisi sa\u00e7 d\u00f6k\u00fclmesi i\u00e7in uygulanacak ise yakla\u015f\u0131k olarak 2 mililitre kan al\u0131nmas\u0131 yeterlidir.<\/li>\n<li>Ard\u0131ndan steril ve t\u0131bbi ko\u015fullarda al\u0131nan kan, santrif\u00fcj cihaz\u0131na yerle\u015ftirilir. Bu sayede kan bile\u015fenlerinden ayr\u0131l\u0131r. Kan\u0131n bile\u015fenlerinden ayr\u0131lmas\u0131 ise 15 dakikada tamamlanmaktad\u0131r.<\/li>\n<li>Ard\u0131ndan kan\u0131n bile\u015fenlerine ayr\u0131lm\u0131\u015f olan trombositleri, di\u011fer kan bile\u015fenlerinden ayr\u0131l\u0131r.<\/li>\n<li>Bu i\u015flemlerden sonra trombositler elde edilir.<\/li>\n<li>Daha sonra enjeksiyonun yap\u0131lmas\u0131 planlanan alanlar\u0131n kontrol\u00fc i\u00e7in ultrason ile gerekli kontroller yap\u0131l\u0131r. Ard\u0131ndan uzman doktor taraf\u0131ndan enjeksiyon i\u015flemi tamamlan\u0131r.<\/li>\n<\/ul>\n<h3><span class=\"ez-toc-section\" id=\"PRP_Hangi_Bolgelere_Uygulanir\"><\/span><strong>PRP Hangi B\u00f6lgelere Uygulan\u0131r?<\/strong><span class=\"ez-toc-section-end\"><\/span><\/h3>\n<p>PRP uygulamas\u0131 genellikle kelle\u015fmeyi engellemek i\u00e7in sa\u00e7 b\u00fcy\u00fcmesini g\u00fc\u00e7lendirmek ad\u0131na olduk\u00e7a ba\u015far\u0131l\u0131 \u015fekilde uygulanmaktad\u0131r. Bunun d\u0131\u015f\u0131nda cildin gen\u00e7le\u015fmesini sa\u011flamak, yumu\u015fak doku iyile\u015fmesini elde etmek i\u00e7in de uygulanabilmektedir. Genel olarak PRP tedavisinde uygulanan teknikler sayesinde v\u00fccudun kendini iyile\u015ftirme h\u0131z\u0131 ve yetisi 5-10 kat aras\u0131nda artmaktad\u0131r. Bu sayede ki\u015fi kendini \u00e7ok daha h\u0131zl\u0131 \u015fekilde PRP tedavisi ile iyile\u015ftirebilir. PRP uygulama alanlar\u0131 ise:<\/p>\n<ul>\n<li>Hem kad\u0131nlara hem de erkeklere sa\u00e7 d\u00f6k\u00fclmesi i\u00e7in PRP tedavisi uygulanarak d\u00f6k\u00fclme oran\u0131 azalt\u0131labilmektedir. \u00d6zellikle genetik bak\u0131mdan sa\u00e7 d\u00f6k\u00fclmesine yatk\u0131n olan ki\u015filerin sa\u00e7 d\u00f6k\u00fclmesi ba\u015flamadan bu tedaviye ba\u015flamas\u0131 \u00f6nerilir.<\/li>\n<li>Tendon yaralanmas\u0131 i\u00e7in de PRP uygulamas\u0131na ba\u015fvuru yap\u0131labilir. Kaslar\u0131 kemi\u011fe ba\u011flayan dokularda meydana gelen yaralanmalar\u0131n daha k\u0131sa s\u00fcrede iyile\u015fmesi ad\u0131na PRP tedavisi uygulanmaktad\u0131r.<\/li>\n<li>Cildin esnekli\u011fini art\u0131rmak ve k\u0131r\u0131\u015f\u0131kl\u0131\u011f\u0131n azalmas\u0131 i\u00e7in PRP tedavisine ba\u015fvurulmaktad\u0131r.<\/li>\n<li>Cilde daha do\u011fal nat\u00fcrel ve canl\u0131 g\u00f6r\u00fcnt\u00fc kazand\u0131rmak i\u00e7in y\u00fcze uygulanabilir.<\/li>\n<li>Y\u00fcz cildindeki lekeleri, akneleri ve akne skarlar\u0131n\u0131 daha az g\u00f6r\u00fcn\u00fcr hale getirmede i\u015fe yarar<\/li>\n<li>Ameliyat uygulamalar\u0131ndan sonra \u00e7e\u015fitli sorunlar\u0131n onar\u0131m\u0131 ad\u0131na PRP tedavisine ihtiya\u00e7 duyulabilmektedir.<\/li>\n<\/ul>\n","protected":false},"excerpt":{"rendered":"<p>Endoskopik Orta Y\u00fcz Gen\u00e7le\u015ftirme \u2013 Y\u00fcz Germe Y\u00fcz\u00fcm\u00fcz ya\u015fland\u0131k\u00e7a; cildimizde olu\u015fan k\u0131r\u0131\u015f\u0131kl\u0131klar d\u0131\u015f\u0131nda doku sarkmalar\u0131, do\u011fal oluklarda daha belirginle\u015fme ve ya\u011fl\u0131 dokularda hacim kay\u0131plar\u0131 g\u00f6r\u00fcl\u00fcr. Orta ya\u015ftan sonra \u00f6zellikle zigoma denilen elmac\u0131k kemikleri b\u00f6lgesindeki doku hacim kayb\u0131na u\u011frar a\u015fa\u011f\u0131 do\u011fru yer de\u011fi\u015ftirir ve yanak dudak hatt\u0131 belirginle\u015fir. Bu g\u00f6r\u00fcn\u00fcm\u00fc d\u00fczeltmek daha gen\u00e7 ve g\u00fczel bir [&hellip;]<\/p>\n","protected":false},"author":1,"featured_media":52,"comment_status":"open","ping_status":"open","sticky":false,"template":"","format":"standard","meta":{"footnotes":""},"categories":[2],"tags":[],"class_list":["post-51","post","type-post","status-publish","format-standard","has-post-thumbnail","hentry","category-blog"],"_links":{"self":[{"href":"https:\/\/www.ozanseymen.com\/tr\/wp-json\/wp\/v2\/posts\/51","targetHints":{"allow":["GET"]}}],"collection":[{"href":"https:\/\/www.ozanseymen.com\/tr\/wp-json\/wp\/v2\/posts"}],"about":[{"href":"https:\/\/www.ozanseymen.com\/tr\/wp-json\/wp\/v2\/types\/post"}],"author":[{"embeddable":true,"href":"https:\/\/www.ozanseymen.com\/tr\/wp-json\/wp\/v2\/users\/1"}],"replies":[{"embeddable":true,"href":"https:\/\/www.ozanseymen.com\/tr\/wp-json\/wp\/v2\/comments?post=51"}],"version-history":[{"count":1,"href":"https:\/\/www.ozanseymen.com\/tr\/wp-json\/wp\/v2\/posts\/51\/revisions"}],"predecessor-version":[{"id":53,"href":"https:\/\/www.ozanseymen.com\/tr\/wp-json\/wp\/v2\/posts\/51\/revisions\/53"}],"wp:featuredmedia":[{"embeddable":true,"href":"https:\/\/www.ozanseymen.com\/tr\/wp-json\/wp\/v2\/media\/52"}],"wp:attachment":[{"href":"https:\/\/www.ozanseymen.com\/tr\/wp-json\/wp\/v2\/media?parent=51"}],"wp:term":[{"taxonomy":"category","embeddable":true,"href":"https:\/\/www.ozanseymen.com\/tr\/wp-json\/wp\/v2\/categories?post=51"},{"taxonomy":"post_tag","embeddable":true,"href":"https:\/\/www.ozanseymen.com\/tr\/wp-json\/wp\/v2\/tags?post=51"}],"curies":[{"name":"wp","href":"https:\/\/api.w.org\/{rel}","templated":true}]}}