{"id":48,"date":"2025-04-17T16:59:30","date_gmt":"2025-04-17T13:59:30","guid":{"rendered":"https:\/\/www.ozanseymen.com\/tr\/?p=48"},"modified":"2025-04-30T18:43:00","modified_gmt":"2025-04-30T15:43:00","slug":"boyun-genclestirme","status":"publish","type":"post","link":"https:\/\/www.ozanseymen.com\/tr\/boyun-genclestirme\/","title":{"rendered":"Boyun Gen\u00e7le\u015ftirme"},"content":{"rendered":"<div id=\"ez-toc-container\" class=\"ez-toc-v2_0_82_2 counter-flat ez-toc-counter ez-toc-grey ez-toc-container-direction\">\n<div class=\"ez-toc-title-container\">\n<p class=\"ez-toc-title\" style=\"cursor:inherit\">\u0130\u00e7indekiler<\/p>\n<span class=\"ez-toc-title-toggle\"><a href=\"#\" class=\"ez-toc-pull-right ez-toc-btn ez-toc-btn-xs ez-toc-btn-default ez-toc-toggle\" aria-label=\"\u0130\u00e7indekiler Tablosunu A\u00e7\/Kapat\"><span class=\"ez-toc-js-icon-con\"><span class=\"\"><span class=\"eztoc-hide\" style=\"display:none;\">Toggle<\/span><span class=\"ez-toc-icon-toggle-span\"><svg style=\"fill: #999;color:#999\" xmlns=\"http:\/\/www.w3.org\/2000\/svg\" class=\"list-377408\" width=\"20px\" height=\"20px\" viewBox=\"0 0 24 24\" fill=\"none\"><path d=\"M6 6H4v2h2V6zm14 0H8v2h12V6zM4 11h2v2H4v-2zm16 0H8v2h12v-2zM4 16h2v2H4v-2zm16 0H8v2h12v-2z\" fill=\"currentColor\"><\/path><\/svg><svg style=\"fill: #999;color:#999\" class=\"arrow-unsorted-368013\" xmlns=\"http:\/\/www.w3.org\/2000\/svg\" width=\"10px\" height=\"10px\" viewBox=\"0 0 24 24\" version=\"1.2\" baseProfile=\"tiny\"><path d=\"M18.2 9.3l-6.2-6.3-6.2 6.3c-.2.2-.3.4-.3.7s.1.5.3.7c.2.2.4.3.7.3h11c.3 0 .5-.1.7-.3.2-.2.3-.5.3-.7s-.1-.5-.3-.7zM5.8 14.7l6.2 6.3 6.2-6.3c.2-.2.3-.5.3-.7s-.1-.5-.3-.7c-.2-.2-.4-.3-.7-.3h-11c-.3 0-.5.1-.7.3-.2.2-.3.5-.3.7s.1.5.3.7z\"\/><\/svg><\/span><\/span><\/span><\/a><\/span><\/div>\n<nav><ul class='ez-toc-list ez-toc-list-level-1 eztoc-toggle-hide-by-default' ><li class='ez-toc-page-1'><a class=\"ez-toc-link ez-toc-heading-1\" href=\"https:\/\/www.ozanseymen.com\/tr\/boyun-genclestirme\/#Boyun_Genclestirme\" >Boyun Gen\u00e7le\u015ftirme\u00a0<\/a><\/li><li class='ez-toc-page-1'><a class=\"ez-toc-link ez-toc-heading-2\" href=\"https:\/\/www.ozanseymen.com\/tr\/boyun-genclestirme\/#Boyun_Genclestirme_Ameliyati_Nedir\" >Boyun Gen\u00e7le\u015ftirme Ameliyat\u0131 Nedir?<\/a><\/li><li class='ez-toc-page-1'><a class=\"ez-toc-link ez-toc-heading-3\" href=\"https:\/\/www.ozanseymen.com\/tr\/boyun-genclestirme\/#Boyun_Genclestirme_Ameliyati_Nasil_Yapilir\" >Boyun Gen\u00e7le\u015ftirme Ameliyat\u0131 Nas\u0131l Yap\u0131l\u0131r?<\/a><\/li><li class='ez-toc-page-1'><a class=\"ez-toc-link ez-toc-heading-4\" href=\"https:\/\/www.ozanseymen.com\/tr\/boyun-genclestirme\/#Boyun_Genclestirme_Ameliyatinda_Iz_Kalir_mi\" >Boyun Gen\u00e7le\u015ftirme Ameliyat\u0131nda \u0130z Kal\u0131r m\u0131?<\/a><\/li><\/ul><\/nav><\/div>\n<h2><span class=\"ez-toc-section\" id=\"Boyun_Genclestirme\"><\/span><strong>Boyun Gen\u00e7le\u015ftirme\u00a0<\/strong><span class=\"ez-toc-section-end\"><\/span><\/h2>\n<p>Ya\u015flanan y\u00fczle birlikte boyun dokular\u0131 da ya\u015flanma belirtileri g\u00f6stermeye ba\u015flar. Ayr\u0131ca al\u0131nan fazla kilolar da \u00e7ene alt\u0131nda ve boyunda ya\u011f birikimlerine yol a\u00e7arak k\u00f6t\u00fc ve ya\u015flanm\u0131\u015f bir g\u00f6r\u00fcnt\u00fc yarat\u0131r. Boyun gen\u00e7le\u015ftirme i\u015flemleri ile bu b\u00f6lgenin daha gen\u00e7 ve g\u00fczel g\u00f6r\u00fcnmesi sa\u011flanabilir.<\/p>\n<p>Boyun cildinde a\u015f\u0131r\u0131 sarkma yoksa ve sorun sadece \u00e7ene alt\u0131 ve boyunda fazla ya\u011f birikimi ise, bu durum \u00e7ene alt\u0131ndan bu b\u00f6lgeye yap\u0131lacak liposuction denilen, ya\u011flar\u0131n uzakla\u015ft\u0131r\u0131lmas\u0131 i\u015flemi ile d\u00fczeltilebilir.<\/p>\n<h3><span class=\"ez-toc-section\" id=\"Boyun_Genclestirme_Ameliyati_Nedir\"><\/span><strong>Boyun Gen\u00e7le\u015ftirme Ameliyat\u0131 Nedir?<\/strong><span class=\"ez-toc-section-end\"><\/span><\/h3>\n<p>Yer\u00e7ekimi; y\u00fczde olu\u015fan sarkmalar\u0131n en \u00f6nemli sebepleri aras\u0131ndad\u0131r. Genetik etkenler ya da kilo al\u0131p verme, stres, \u00e7evre kirlili\u011fi, yanl\u0131\u015f beslenme al\u0131\u015fkanl\u0131klar\u0131 gibi unsurlar; zamanla insan derisinde gev\u015femelere yol a\u00e7ar.<\/p>\n<p>Deride meydana gelen bu gev\u015femeler; al\u0131n ve orta y\u00fcz b\u00f6lgesinde hatlar\u0131n a\u015fa\u011f\u0131 do\u011fru yer de\u011fi\u015ftirmesine sebep olur. Bundan dolay\u0131 da alt y\u00fcz ve boyun b\u00f6lgesinde deri bolluklar\u0131 ortaya \u00e7\u0131karak, y\u00fcz \u015feklinde bozulmalar meydana gelir. Bu duruma genel itibari ile y\u00fcz ovalinin bozulmas\u0131 ad\u0131 verilmektedir.<\/p>\n<p>\u00c7ene alt\u0131 ve boyun aras\u0131nda bulunan a\u00e7\u0131 d\u00fczle\u015ferek, \u00f6zellikle profilden ki\u015finin ya\u015fl\u0131 g\u00f6r\u00fcnmesine sebep olan bu durum, psikolojik olarak da ciddi sorunlara sebep olabilir. Boyunda ya\u011f birikintileri, derinin gergin ve hastan\u0131n gen\u00e7 oldu\u011fu durumlarda vakumla ya\u011f alma yani liposuction y\u00f6ntemleri ile tedavi edilebilir.<\/p>\n<p>Bu a\u015famada en \u00f6nemli ve dikkat edilmesi, titizlikle davran\u0131lmas\u0131 gereken konu; do\u011fru hasta se\u00e7imi ile do\u011fru y\u00f6ntemleri belirleyebilecek bir doktor tercih edilmesidir. Boyun b\u00f6lgesindeki deri olduk\u00e7a ince oldu\u011fu i\u00e7in i\u00e7erisinde bulunan ya\u011flar bo\u015falt\u0131ld\u0131\u011f\u0131nda, sarkabilir. Bu gibi durumlarda hasta en detayl\u0131 \u015fekilde analiz edilmeli ve hasta i\u00e7in en uygun y\u00f6nteme karar verilmelidir.<\/p>\n<h3><span class=\"ez-toc-section\" id=\"Boyun_Genclestirme_Ameliyati_Nasil_Yapilir\"><\/span><strong>Boyun Gen\u00e7le\u015ftirme Ameliyat\u0131 Nas\u0131l Yap\u0131l\u0131r?<\/strong><span class=\"ez-toc-section-end\"><\/span><\/h3>\n<p>\u0130\u015flem genel yada lokal anestezi ile yap\u0131labilir. \u00dc\u00e7 d\u00f6rt g\u00fcnl\u00fck bir boyun sarg\u0131s\u0131 ve olu\u015fan morluk ve \u015fi\u015fliklerin ge\u00e7mesi i\u00e7in, 10 g\u00fcnl\u00fck bir iyile\u015fme d\u00f6nemi sonras\u0131nda tatminkar sonu\u00e7lar al\u0131n\u0131r.<\/p>\n<p>Ciltte sarkmalar mevcutsa liposuction i\u015flemine ek olarak cildin gerginli\u011fini sa\u011flayan ince bir kas olan, platizman\u0131n gerilmesi i\u015flemi ile sorun halledilebilir. Bu i\u015flemde \u00e7ene alt\u0131ndaki cilt \u00e7izgileri i\u00e7ine gizlenebilen, sonradan iz b\u0131rakmayan, 3-4 cm\u2019lik bir kesi yap\u0131l\u0131r.<\/p>\n<p>\u0130yile\u015fme s\u00fcrecinde yine 3-4 g\u00fcnl\u00fck bir boyun sarg\u0131s\u0131 yap\u0131l\u0131r ve morluk ve \u015fi\u015flikler 10 g\u00fcnde d\u00fczelir. Bu i\u015flemler \u00e7ok ciddi a\u011fr\u0131 yaratmayan, sa\u011fl\u0131k a\u00e7\u0131s\u0131ndan \u00f6nemli riskleri olmayan, ki\u015fiye daha gen\u00e7 ve g\u00fczel bir g\u00f6r\u00fcn\u00fcm\u00fcn kolayl\u0131kla sa\u011flanabilece\u011fi uygulamalard\u0131r.<\/p>\n<h3><span class=\"ez-toc-section\" id=\"Boyun_Genclestirme_Ameliyatinda_Iz_Kalir_mi\"><\/span><strong>Boyun Gen\u00e7le\u015ftirme Ameliyat\u0131nda \u0130z Kal\u0131r m\u0131?<\/strong><span class=\"ez-toc-section-end\"><\/span><\/h3>\n<p>Boyun germe operasyonlar\u0131nda iyi bir planlama yapmak ko\u015fuluyla operasyon izlerinin en iyi saklanabildi\u011fi estetik ameliyatlardand\u0131r. Do\u011fru y\u00f6ntemlerle yap\u0131lan ameliyatlarda, operasyon izi d\u0131\u015far\u0131dan belli olmayacak \u015fekilde konumland\u0131r\u0131lmaktad\u0131r. Ameliyattan \u00f6nce sigara kullan\u0131m\u0131n\u0131 sonland\u0131rmak, kan suland\u0131r\u0131c\u0131lardan uzak durmak olduk\u00e7a \u00f6nemlidir.<\/p>\n<p>Operasyon genel anestezi alt\u0131nda uygulanmaktad\u0131r. Operasyondan sonra hissedilen a\u011fr\u0131 minimaldir. Boyun germe operasyonundan bir hafta sonra i\u015f ve sosyal hayata geri d\u00f6n\u00fclebilir.<\/p>\n<p>&nbsp;<\/p>\n","protected":false},"excerpt":{"rendered":"<p>Boyun Gen\u00e7le\u015ftirme\u00a0 Ya\u015flanan y\u00fczle birlikte boyun dokular\u0131 da ya\u015flanma belirtileri g\u00f6stermeye ba\u015flar. Ayr\u0131ca al\u0131nan fazla kilolar da \u00e7ene alt\u0131nda ve boyunda ya\u011f birikimlerine yol a\u00e7arak k\u00f6t\u00fc ve ya\u015flanm\u0131\u015f bir g\u00f6r\u00fcnt\u00fc yarat\u0131r. Boyun gen\u00e7le\u015ftirme i\u015flemleri ile bu b\u00f6lgenin daha gen\u00e7 ve g\u00fczel g\u00f6r\u00fcnmesi sa\u011flanabilir. Boyun cildinde a\u015f\u0131r\u0131 sarkma yoksa ve sorun sadece \u00e7ene alt\u0131 ve boyunda [&hellip;]<\/p>\n","protected":false},"author":1,"featured_media":49,"comment_status":"open","ping_status":"open","sticky":false,"template":"","format":"standard","meta":{"footnotes":""},"categories":[2],"tags":[],"class_list":["post-48","post","type-post","status-publish","format-standard","has-post-thumbnail","hentry","category-blog"],"_links":{"self":[{"href":"https:\/\/www.ozanseymen.com\/tr\/wp-json\/wp\/v2\/posts\/48","targetHints":{"allow":["GET"]}}],"collection":[{"href":"https:\/\/www.ozanseymen.com\/tr\/wp-json\/wp\/v2\/posts"}],"about":[{"href":"https:\/\/www.ozanseymen.com\/tr\/wp-json\/wp\/v2\/types\/post"}],"author":[{"embeddable":true,"href":"https:\/\/www.ozanseymen.com\/tr\/wp-json\/wp\/v2\/users\/1"}],"replies":[{"embeddable":true,"href":"https:\/\/www.ozanseymen.com\/tr\/wp-json\/wp\/v2\/comments?post=48"}],"version-history":[{"count":1,"href":"https:\/\/www.ozanseymen.com\/tr\/wp-json\/wp\/v2\/posts\/48\/revisions"}],"predecessor-version":[{"id":50,"href":"https:\/\/www.ozanseymen.com\/tr\/wp-json\/wp\/v2\/posts\/48\/revisions\/50"}],"wp:featuredmedia":[{"embeddable":true,"href":"https:\/\/www.ozanseymen.com\/tr\/wp-json\/wp\/v2\/media\/49"}],"wp:attachment":[{"href":"https:\/\/www.ozanseymen.com\/tr\/wp-json\/wp\/v2\/media?parent=48"}],"wp:term":[{"taxonomy":"category","embeddable":true,"href":"https:\/\/www.ozanseymen.com\/tr\/wp-json\/wp\/v2\/categories?post=48"},{"taxonomy":"post_tag","embeddable":true,"href":"https:\/\/www.ozanseymen.com\/tr\/wp-json\/wp\/v2\/tags?post=48"}],"curies":[{"name":"wp","href":"https:\/\/api.w.org\/{rel}","templated":true}]}}