{"id":1750,"date":"2026-01-26T15:07:38","date_gmt":"2026-01-26T12:07:38","guid":{"rendered":"https:\/\/www.ozanseymen.com\/tr\/?p=1750"},"modified":"2026-01-26T15:24:14","modified_gmt":"2026-01-26T12:24:14","slug":"larenjit-nedir-belirtileri-tedavisi","status":"publish","type":"post","link":"https:\/\/www.ozanseymen.com\/tr\/larenjit-nedir-belirtileri-tedavisi\/","title":{"rendered":"Larenjit Nedir? Belirtileri ve Tedavisi"},"content":{"rendered":"<p><a href=\"https:\/\/www.ozanseymen.com\/tr\/larenjit-nedir-belirtileri-tedavisi\/\"><strong>Larenjit<\/strong><\/a>, ses k\u0131s\u0131kl\u0131\u011f\u0131ndan tamamen ses kayb\u0131na kadar uzanan geni\u015f bir tabloya neden olabilen, g\u0131rtlak (larenks) dokusunun iltihaplanmas\u0131 ile karakterize bir hastal\u0131kt\u0131r. G\u00fcnl\u00fck hayatta s\u0131k g\u00f6r\u00fclen \u00fcst solunum yolu enfeksiyonlar\u0131n\u0131n bir par\u00e7as\u0131 olarak ortaya \u00e7\u0131kabildi\u011fi gibi, sesin a\u015f\u0131r\u0131 kullan\u0131m\u0131, refl\u00fc, sigara ve \u00e7evresel fakt\u00f6rler nedeniyle de geli\u015febilir. Erken d\u00f6nemde basit \u00f6nlemlerle kontrol alt\u0131na al\u0131nabilen larenjit, ihmal edildi\u011finde kronikle\u015ferek hem ya\u015fam kalitesini hem de ses sa\u011fl\u0131\u011f\u0131n\u0131 ciddi bi\u00e7imde etkileyebilir. Bu yaz\u0131da larenjitin ne oldu\u011fu, nedenleri, belirtileri, tan\u0131 s\u00fcreci ve g\u00fcncel tedavi yakla\u015f\u0131mlar\u0131, Kulak Burun Bo\u011faz Hastal\u0131klar\u0131 alan\u0131nda uluslararas\u0131 deneyime sahip Prof. Dr. Ozan Seymen Sezen\u2019in klinik yakla\u015f\u0131m\u0131 \u00e7er\u00e7evesinde detayl\u0131 ve anla\u015f\u0131l\u0131r bir \u015fekilde ele al\u0131nmaktad\u0131r.<\/p>\n<div id=\"ez-toc-container\" class=\"ez-toc-v2_0_82_2 counter-flat ez-toc-counter ez-toc-grey ez-toc-container-direction\">\n<div class=\"ez-toc-title-container\">\n<p class=\"ez-toc-title\" style=\"cursor:inherit\">\u0130\u00e7indekiler<\/p>\n<span class=\"ez-toc-title-toggle\"><a href=\"#\" class=\"ez-toc-pull-right ez-toc-btn ez-toc-btn-xs ez-toc-btn-default ez-toc-toggle\" aria-label=\"\u0130\u00e7indekiler Tablosunu A\u00e7\/Kapat\"><span class=\"ez-toc-js-icon-con\"><span class=\"\"><span class=\"eztoc-hide\" style=\"display:none;\">Toggle<\/span><span class=\"ez-toc-icon-toggle-span\"><svg style=\"fill: #999;color:#999\" xmlns=\"http:\/\/www.w3.org\/2000\/svg\" class=\"list-377408\" width=\"20px\" height=\"20px\" viewBox=\"0 0 24 24\" fill=\"none\"><path d=\"M6 6H4v2h2V6zm14 0H8v2h12V6zM4 11h2v2H4v-2zm16 0H8v2h12v-2zM4 16h2v2H4v-2zm16 0H8v2h12v-2z\" fill=\"currentColor\"><\/path><\/svg><svg style=\"fill: #999;color:#999\" class=\"arrow-unsorted-368013\" xmlns=\"http:\/\/www.w3.org\/2000\/svg\" width=\"10px\" height=\"10px\" viewBox=\"0 0 24 24\" version=\"1.2\" baseProfile=\"tiny\"><path d=\"M18.2 9.3l-6.2-6.3-6.2 6.3c-.2.2-.3.4-.3.7s.1.5.3.7c.2.2.4.3.7.3h11c.3 0 .5-.1.7-.3.2-.2.3-.5.3-.7s-.1-.5-.3-.7zM5.8 14.7l6.2 6.3 6.2-6.3c.2-.2.3-.5.3-.7s-.1-.5-.3-.7c-.2-.2-.4-.3-.7-.3h-11c-.3 0-.5.1-.7.3-.2.2-.3.5-.3.7s.1.5.3.7z\"\/><\/svg><\/span><\/span><\/span><\/a><\/span><\/div>\n<nav><ul class='ez-toc-list ez-toc-list-level-1 eztoc-toggle-hide-by-default' ><li class='ez-toc-page-1'><a class=\"ez-toc-link ez-toc-heading-1\" href=\"https:\/\/www.ozanseymen.com\/tr\/larenjit-nedir-belirtileri-tedavisi\/#Larenjit_Nedir\" >Larenjit Nedir?<\/a><\/li><li class='ez-toc-page-1'><a class=\"ez-toc-link ez-toc-heading-2\" href=\"https:\/\/www.ozanseymen.com\/tr\/larenjit-nedir-belirtileri-tedavisi\/#Larenks_Girtlak_Ne_Ise_Yarar\" >Larenks (G\u0131rtlak) Ne \u0130\u015fe Yarar?<\/a><\/li><li class='ez-toc-page-1'><a class=\"ez-toc-link ez-toc-heading-3\" href=\"https:\/\/www.ozanseymen.com\/tr\/larenjit-nedir-belirtileri-tedavisi\/#Larenjit_Turleri_Nelerdir\" >Larenjit T\u00fcrleri Nelerdir?<\/a><\/li><li class='ez-toc-page-1'><a class=\"ez-toc-link ez-toc-heading-4\" href=\"https:\/\/www.ozanseymen.com\/tr\/larenjit-nedir-belirtileri-tedavisi\/#Larenjit_Neden_Olur\" >Larenjit Neden Olur?<\/a><\/li><li class='ez-toc-page-1'><a class=\"ez-toc-link ez-toc-heading-5\" href=\"https:\/\/www.ozanseymen.com\/tr\/larenjit-nedir-belirtileri-tedavisi\/#Larenjit_Belirtileri_Nelerdir\" >Larenjit Belirtileri Nelerdir?<\/a><\/li><li class='ez-toc-page-1'><a class=\"ez-toc-link ez-toc-heading-6\" href=\"https:\/\/www.ozanseymen.com\/tr\/larenjit-nedir-belirtileri-tedavisi\/#Larenjit_Ne_Zaman_Ciddiye_Alinmalidir\" >Larenjit Ne Zaman Ciddiye Al\u0131nmal\u0131d\u0131r?<\/a><\/li><li class='ez-toc-page-1'><a class=\"ez-toc-link ez-toc-heading-7\" href=\"https:\/\/www.ozanseymen.com\/tr\/larenjit-nedir-belirtileri-tedavisi\/#Larenjit_Tedavisi_Nasil_Yapilir\" >Larenjit Tedavisi Nas\u0131l Yap\u0131l\u0131r?<\/a><\/li><\/ul><\/nav><\/div>\n<h2><span class=\"ez-toc-section\" id=\"Larenjit_Nedir\"><\/span>Larenjit Nedir?<span class=\"ez-toc-section-end\"><\/span><\/h2>\n<p>Larenjit, t\u0131bbi olarak larenks mukozas\u0131n\u0131n iltihabi reaksiyonu olarak tan\u0131mlan\u0131r. Larenks; solunum, yutma ve ses \u00fcretiminde kritik rol oynayan, bo\u011faz\u0131n orta b\u00f6l\u00fcm\u00fcnde yer alan karma\u015f\u0131k bir anatomik yap\u0131d\u0131r. Bu b\u00f6lgedeki dokular\u0131n \u00f6demlenmesi ve iltihaplanmas\u0131, ses tellerinin titre\u015fim mekanizmas\u0131n\u0131 bozarak ses kalitesinde de\u011fi\u015fikliklere yol a\u00e7ar.<\/p>\n<p>Larenjit \u00e7o\u011fu zaman ge\u00e7ici ve kendini s\u0131n\u0131rlayan bir hastal\u0131k olsa da, baz\u0131 durumlarda haftalarca hatta aylarca s\u00fcrebilir. Bu noktada akut larenjit ve kronik larenjit ayr\u0131m\u0131 klinik yakla\u015f\u0131m a\u00e7\u0131s\u0131ndan b\u00fcy\u00fck \u00f6nem ta\u015f\u0131r.<\/p>\n<h2><span class=\"ez-toc-section\" id=\"Larenks_Girtlak_Ne_Ise_Yarar\"><\/span>Larenks (G\u0131rtlak) Ne \u0130\u015fe Yarar?<span class=\"ez-toc-section-end\"><\/span><\/h2>\n<p>Larenks yaln\u0131zca ses \u00fcretiminden sorumlu bir yap\u0131 de\u011fildir. Temel g\u00f6revleri aras\u0131nda:<\/p>\n<ul>\n<li>Solunum yolunu a\u00e7\u0131k tutmak<\/li>\n<li>Yutma s\u0131ras\u0131nda alt solunum yollar\u0131n\u0131 korumak<\/li>\n<li>Ses telleri arac\u0131l\u0131\u011f\u0131yla konu\u015fmay\u0131 sa\u011flamak<\/li>\n<li>\u00d6ks\u00fcr\u00fck refleksini d\u00fczenlemek<\/li>\n<\/ul>\n<p>yer al\u0131r. Bu nedenle larenks sa\u011fl\u0131\u011f\u0131n\u0131 etkileyen her durum, yaln\u0131zca sesi de\u011fil, solunum g\u00fcvenli\u011fini ve genel ya\u015fam kalitesini de do\u011frudan etkiler.<\/p>\n<h2><span class=\"ez-toc-section\" id=\"Larenjit_Turleri_Nelerdir\"><\/span>Larenjit T\u00fcrleri Nelerdir?<span class=\"ez-toc-section-end\"><\/span><\/h2>\n<p><strong>Akut Larenjit<\/strong><\/p>\n<p>Akut larenjit en s\u0131k g\u00f6r\u00fclen formdur ve genellikle viral \u00fcst solunum yolu enfeksiyonlar\u0131 sonras\u0131nda ortaya \u00e7\u0131kar. So\u011fuk alg\u0131nl\u0131\u011f\u0131, grip ve nezle gibi hastal\u0131klar\u0131n seyrinde geli\u015febilir. \u00c7o\u011fu vakada 1\u20133 hafta i\u00e7inde tamamen iyile\u015fir.<\/p>\n<p><strong>Kronik Larenjit<\/strong><\/p>\n<p>\u00dc\u00e7 haftadan uzun s\u00fcren larenjit tablosu kronik olarak kabul edilir. Kronik larenjit genellikle altta yatan s\u00fcrekli bir tahri\u015f fakt\u00f6r\u00fcne ba\u011fl\u0131d\u0131r. Sigara kullan\u0131m\u0131, mide asidinin bo\u011faza ka\u00e7mas\u0131 (laringofaringeal refl\u00fc), mesleki ses kullan\u0131m\u0131 ve hava kirlili\u011fi en s\u0131k nedenler aras\u0131ndad\u0131r.<\/p>\n<h3><span class=\"ez-toc-section\" id=\"Larenjit_Neden_Olur\"><\/span>Larenjit Neden Olur?<span class=\"ez-toc-section-end\"><\/span><\/h3>\n<p>Larenjit geli\u015fiminde tek bir neden yoktur. \u00c7o\u011fu zaman birden fazla fakt\u00f6r bir araya gelerek hastal\u0131\u011f\u0131n ortaya \u00e7\u0131kmas\u0131na zemin haz\u0131rlar.<\/p>\n<p><strong>En S\u0131k G\u00f6r\u00fclen Larenjit Nedenleri<\/strong><\/p>\n<ul>\n<li>Viral enfeksiyonlar<\/li>\n<li>Sesin uzun s\u00fcre ve yanl\u0131\u015f kullan\u0131m\u0131<\/li>\n<li>Sigara ve t\u00fct\u00fcn \u00fcr\u00fcnleri<\/li>\n<li>Alkol t\u00fcketimi<\/li>\n<li>Mide asidi refl\u00fcs\u00fc<\/li>\n<li>Alerjik reaksiyonlar<\/li>\n<li>Tozlu ve kirli hava<\/li>\n<li>Klima ve kuru ortamlar<\/li>\n<\/ul>\n<p>\u00d6zellikle sesini profesyonel olarak kullanan ki\u015filerde (\u00f6\u011fretmenler, sanat\u00e7\u0131lar, spikerler) larenjit riski belirgin \u015fekilde artmaktad\u0131r.<\/p>\n<h3><span class=\"ez-toc-section\" id=\"Larenjit_Belirtileri_Nelerdir\"><\/span>Larenjit Belirtileri Nelerdir?<span class=\"ez-toc-section-end\"><\/span><\/h3>\n<p>Larenjit belirtileri hastal\u0131\u011f\u0131n t\u00fcr\u00fcne ve \u015fiddetine g\u00f6re de\u011fi\u015fiklik g\u00f6sterebilir. En s\u0131k g\u00f6r\u00fclen belirtiler \u015funlard\u0131r:<\/p>\n<ul>\n<li>Ses k\u0131s\u0131kl\u0131\u011f\u0131<\/li>\n<li>Seste \u00e7atallanma veya kal\u0131nla\u015fma<\/li>\n<li>Bo\u011fazda yanma ve g\u0131c\u0131k hissi<\/li>\n<li>Konu\u015furken \u00e7abuk yorulma<\/li>\n<li>Kuru \u00f6ks\u00fcr\u00fck<\/li>\n<li>Yutkunma s\u0131ras\u0131nda rahats\u0131zl\u0131k<\/li>\n<li>\u0130leri vakalarda ses kayb\u0131<\/li>\n<\/ul>\n<p>Akut larenjitte belirtiler genellikle ani ba\u015flar ve k\u0131sa s\u00fcrede gerilerken, kronik larenjitte belirtiler daha sinsi ve kal\u0131c\u0131d\u0131r.<\/p>\n<h3><span class=\"ez-toc-section\" id=\"Larenjit_Ne_Zaman_Ciddiye_Alinmalidir\"><\/span>Larenjit Ne Zaman Ciddiye Al\u0131nmal\u0131d\u0131r?<span class=\"ez-toc-section-end\"><\/span><\/h3>\n<p>A\u015fa\u011f\u0131daki durumlarda mutlaka bir Kulak Burun Bo\u011faz uzman\u0131na ba\u015fvurulmal\u0131d\u0131r:<\/p>\n<ul>\n<li>Ses k\u0131s\u0131kl\u0131\u011f\u0131n\u0131n 2\u20133 haftadan uzun s\u00fcrmesi<\/li>\n<li>Sesin giderek daha k\u00f6t\u00fc hale gelmesi<\/li>\n<li>Yutma g\u00fc\u00e7l\u00fc\u011f\u00fc veya nefes darl\u0131\u011f\u0131<\/li>\n<li>Kanl\u0131 balgam<\/li>\n<li>Boyunda kitle hissi<\/li>\n<li>Uzun s\u00fcreli sigara \u00f6yk\u00fcs\u00fc<\/li>\n<\/ul>\n<p>Bu belirtiler yaln\u0131zca larenjit de\u011fil, daha ciddi larenks hastal\u0131klar\u0131n\u0131n da habercisi olabilir.<\/p>\n<p><strong>Larenjit Tan\u0131s\u0131 Nas\u0131l Konur?<\/strong><\/p>\n<p>Larenjit tan\u0131s\u0131, ayr\u0131nt\u0131l\u0131 hasta \u00f6yk\u00fcs\u00fc ve endoskopik g\u0131rtlak muayenesi ile konur. G\u00fcn\u00fcm\u00fczde modern endoskopik sistemler sayesinde larenks ve ses telleri y\u00fcksek \u00e7\u00f6z\u00fcn\u00fcrl\u00fckte de\u011ferlendirilebilmektedir.<\/p>\n<p>Prof. Dr. Ozan Seymen Sezen\u2019in klinik yakla\u015f\u0131m\u0131nda tan\u0131 s\u00fcreci yaln\u0131zca semptomlara de\u011fil, ses tellerinin fonksiyonel de\u011ferlendirmesine de odaklan\u0131r. Gerekti\u011finde stroboskopik inceleme ile ses tellerinin titre\u015fim dinami\u011fi detayl\u0131 olarak analiz edilir.<\/p>\n<h4><span class=\"ez-toc-section\" id=\"Larenjit_Tedavisi_Nasil_Yapilir\"><\/span>Larenjit Tedavisi Nas\u0131l Yap\u0131l\u0131r?<span class=\"ez-toc-section-end\"><\/span><\/h4>\n<p>Larenjit tedavisi, altta yatan nedene g\u00f6re planlanmal\u0131d\u0131r. Her hastaya ayn\u0131 tedavi yakla\u015f\u0131m\u0131n\u0131 uygulamak do\u011fru de\u011fildir.<\/p>\n<p><strong>Akut Larenjit Tedavisi<\/strong><\/p>\n<ul>\n<li>Ses istirahati<\/li>\n<li>Bol s\u0131v\u0131 t\u00fcketimi<\/li>\n<li>Ortam havas\u0131n\u0131n nemlendirilmesi<\/li>\n<li>Gerekli durumlarda k\u0131sa s\u00fcreli ila\u00e7 deste\u011fi<\/li>\n<li>Tahri\u015f edici fakt\u00f6rlerden uzak durma<\/li>\n<\/ul>\n<p>\u00c7o\u011fu akut larenjit vakas\u0131nda antibiyotik gerekmez, \u00e7\u00fcnk\u00fc etken \u00e7o\u011funlukla viraldir.<\/p>\n<p><strong>Kronik Larenjit Tedavisi<\/strong><\/p>\n<p>Kronik larenjit tedavisinde ama\u00e7, s\u00fcrekli tahri\u015fe neden olan fakt\u00f6r\u00fc ortadan kald\u0131rmakt\u0131r. Bu kapsamda:<\/p>\n<ul>\n<li>Refl\u00fc tedavisi<\/li>\n<li>Sigaran\u0131n b\u0131rak\u0131lmas\u0131<\/li>\n<li>Ses terapisi<\/li>\n<li>Ya\u015fam tarz\u0131 d\u00fczenlemeleri<\/li>\n<li>Gerekli durumlarda medikal tedavi<\/li>\n<\/ul>\n<p>uygulan\u0131r. Uzun s\u00fcreli ses problemlerinde multidisipliner yakla\u015f\u0131m b\u00fcy\u00fck \u00f6nem ta\u015f\u0131r.<\/p>\n<p><strong>Ses \u0130stirahati Neden \u00d6nemlidir?<\/strong><\/p>\n<p>Ses istirahati, larenjit tedavisinin temel ta\u015flar\u0131ndan biridir. Ses telleri iltihapl\u0131yken konu\u015fmaya devam etmek, dokular\u0131n iyile\u015fmesini geciktirir ve kronik hasara yol a\u00e7abilir. F\u0131s\u0131ldamak da san\u0131lan\u0131n aksine ses tellerine daha fazla y\u00fck bindirebilir.<\/p>\n<p><strong>Larenjit ve Refl\u00fc \u0130li\u015fkisi<\/strong><\/p>\n<p>Mide asidinin bo\u011faz seviyesine kadar y\u00fckselmesi, ses tellerinde kronik tahri\u015fe neden olabilir. Bu durum laringofaringeal refl\u00fc olarak adland\u0131r\u0131l\u0131r ve kronik larenjitin en s\u0131k nedenlerinden biridir. Refl\u00fcye ba\u011fl\u0131 larenjitlerde klasik mide yanmas\u0131 \u015fik\u00e2yeti her zaman g\u00f6r\u00fclmeyebilir.<\/p>\n<p><strong>Larenjit Nas\u0131l \u00d6nlenir?<\/strong><\/p>\n<p>Larenjit riskini azaltmak i\u00e7in:<\/p>\n<ul>\n<li>Sigara ve dumandan uzak durulmal\u0131<\/li>\n<li>Ses do\u011fru teknikle kullan\u0131lmal\u0131<\/li>\n<li>Bol su i\u00e7ilmeli<\/li>\n<li>Refl\u00fcye neden olan besinlerden ka\u00e7\u0131n\u0131lmal\u0131<\/li>\n<li>Ortam havas\u0131 nemli tutulmal\u0131<\/li>\n<li>\u00dcst solunum yolu enfeksiyonlar\u0131 ciddiye al\u0131nmal\u0131<\/li>\n<\/ul>\n<p>Bu \u00f6nlemler hem akut hem de kronik larenjit geli\u015fimini \u00f6nemli \u00f6l\u00e7\u00fcde azalt\u0131r.<\/p>\n<p><strong>\u00c7ocuklarda Larenjit<\/strong><\/p>\n<p>\u00c7ocuklarda larenjit, eri\u015fkinlere g\u00f6re daha h\u0131zl\u0131 ilerleyebilir. \u00d6zellikle k\u00fc\u00e7\u00fck \u00e7ocuklarda havayolu darl\u0131\u011f\u0131 riski nedeniyle dikkatli olunmal\u0131d\u0131r. H\u0131r\u0131lt\u0131l\u0131 solunum, havlar tarzda \u00f6ks\u00fcr\u00fck ve nefes alma g\u00fc\u00e7l\u00fc\u011f\u00fc acil de\u011ferlendirme gerektirir.<\/p>\n<p><strong>Larenjit Ses Kal\u0131c\u0131 Olarak Bozulur mu?<\/strong><\/p>\n<p>Zaman\u0131nda ve do\u011fru \u015fekilde tedavi edilen larenjit vakalar\u0131nda kal\u0131c\u0131 ses hasar\u0131 beklenmez. Ancak tedavinin gecikti\u011fi, sesin zorland\u0131\u011f\u0131 veya altta yatan risk fakt\u00f6rlerinin devam etti\u011fi durumlarda ses tellerinde nod\u00fcl, polip veya kal\u0131nla\u015fma geli\u015febilir.<\/p>\n<p><strong>Prof. Dr. Ozan Seymen Sezen\u2019in Larenjit Yakla\u015f\u0131m\u0131<\/strong><\/p>\n<p>Prof. Dr. Ozan Seymen Sezen, larenjit ve ses hastal\u0131klar\u0131nda yaln\u0131zca semptomlar\u0131 de\u011fil, sesin fonksiyonel b\u00fct\u00fcnl\u00fc\u011f\u00fcn\u00fc merkeze alan bir yakla\u015f\u0131m benimsemektedir. Modern tan\u0131 y\u00f6ntemleri, ki\u015fiye \u00f6zel tedavi planlar\u0131 ve gerekti\u011finde ses terapisi ile desteklenen multidisipliner uygulamalar sayesinde hastalar\u0131n hem k\u0131sa hem de uzun vadede sa\u011fl\u0131kl\u0131 bir ses kalitesine kavu\u015fmas\u0131 hedeflenir.<\/p>\n<p>Larenjit, \u00e7o\u011fu zaman hafife al\u0131nan ancak do\u011fru y\u00f6netilmedi\u011finde ciddi sonu\u00e7lara yol a\u00e7abilen bir g\u0131rtlak hastal\u0131\u011f\u0131d\u0131r. Ses k\u0131s\u0131kl\u0131\u011f\u0131n\u0131n basit bir enfeksiyon belirtisi olabilece\u011fi gibi, kronik bir ses hastal\u0131\u011f\u0131n\u0131n da ilk i\u015fareti olabilece\u011fi unutulmamal\u0131d\u0131r. Erken tan\u0131, do\u011fru tedavi ve uzman yakla\u015f\u0131m\u0131 sayesinde larenjit b\u00fcy\u00fck oranda kontrol alt\u0131na al\u0131nabilir. Ses sa\u011fl\u0131\u011f\u0131n\u0131 korumak, yaln\u0131zca konu\u015fmay\u0131 de\u011fil, ya\u015fam kalitesini de korumak anlam\u0131na gelir.<\/p>\n<p><strong>Instagram :\u00a0<a href=\"https:\/\/www.instagram.com\/drozanseymen\/\" target=\"_blank\" rel=\"noopener\">@drozanseymen<\/a><\/strong><\/p>\n","protected":false},"excerpt":{"rendered":"<p>Larenjit, ses k\u0131s\u0131kl\u0131\u011f\u0131ndan tamamen ses kayb\u0131na kadar uzanan geni\u015f bir tabloya neden olabilen, g\u0131rtlak (larenks) dokusunun iltihaplanmas\u0131 ile karakterize bir hastal\u0131kt\u0131r. G\u00fcnl\u00fck hayatta s\u0131k g\u00f6r\u00fclen \u00fcst solunum yolu enfeksiyonlar\u0131n\u0131n bir par\u00e7as\u0131 olarak ortaya \u00e7\u0131kabildi\u011fi gibi, sesin a\u015f\u0131r\u0131 kullan\u0131m\u0131, refl\u00fc, sigara ve \u00e7evresel fakt\u00f6rler nedeniyle de geli\u015febilir. Erken d\u00f6nemde basit \u00f6nlemlerle kontrol alt\u0131na al\u0131nabilen larenjit, ihmal [&hellip;]<\/p>\n","protected":false},"author":1,"featured_media":1757,"comment_status":"closed","ping_status":"closed","sticky":false,"template":"","format":"standard","meta":{"footnotes":""},"categories":[2],"tags":[],"class_list":["post-1750","post","type-post","status-publish","format-standard","has-post-thumbnail","hentry","category-blog"],"_links":{"self":[{"href":"https:\/\/www.ozanseymen.com\/tr\/wp-json\/wp\/v2\/posts\/1750","targetHints":{"allow":["GET"]}}],"collection":[{"href":"https:\/\/www.ozanseymen.com\/tr\/wp-json\/wp\/v2\/posts"}],"about":[{"href":"https:\/\/www.ozanseymen.com\/tr\/wp-json\/wp\/v2\/types\/post"}],"author":[{"embeddable":true,"href":"https:\/\/www.ozanseymen.com\/tr\/wp-json\/wp\/v2\/users\/1"}],"replies":[{"embeddable":true,"href":"https:\/\/www.ozanseymen.com\/tr\/wp-json\/wp\/v2\/comments?post=1750"}],"version-history":[{"count":7,"href":"https:\/\/www.ozanseymen.com\/tr\/wp-json\/wp\/v2\/posts\/1750\/revisions"}],"predecessor-version":[{"id":1758,"href":"https:\/\/www.ozanseymen.com\/tr\/wp-json\/wp\/v2\/posts\/1750\/revisions\/1758"}],"wp:featuredmedia":[{"embeddable":true,"href":"https:\/\/www.ozanseymen.com\/tr\/wp-json\/wp\/v2\/media\/1757"}],"wp:attachment":[{"href":"https:\/\/www.ozanseymen.com\/tr\/wp-json\/wp\/v2\/media?parent=1750"}],"wp:term":[{"taxonomy":"category","embeddable":true,"href":"https:\/\/www.ozanseymen.com\/tr\/wp-json\/wp\/v2\/categories?post=1750"},{"taxonomy":"post_tag","embeddable":true,"href":"https:\/\/www.ozanseymen.com\/tr\/wp-json\/wp\/v2\/tags?post=1750"}],"curies":[{"name":"wp","href":"https:\/\/api.w.org\/{rel}","templated":true}]}}