{"id":1242,"date":"2025-05-27T14:01:01","date_gmt":"2025-05-27T11:01:01","guid":{"rendered":"https:\/\/www.ozanseymen.com\/tr\/?p=1242"},"modified":"2025-06-30T16:03:12","modified_gmt":"2025-06-30T13:03:12","slug":"ideal-dudaklar-icin-kalici-yontem-lip-lift-dudak-kaldirma","status":"publish","type":"post","link":"https:\/\/www.ozanseymen.com\/tr\/ideal-dudaklar-icin-kalici-yontem-lip-lift-dudak-kaldirma\/","title":{"rendered":"\u0130deal Dudaklar \u0130\u00e7in Kal\u0131c\u0131 Y\u00f6ntem: Lip Lift"},"content":{"rendered":"<p><strong>Hemen herkesin hayali, daha dolgun ve g\u00fczel dudaklara sahip olmak. Bunun i\u00e7in makyajdan dolgulara kadar pek \u00e7ok y\u00f6ntem uygulan\u0131yor. Peki liplift dudak kald\u0131rma\u00a0i\u015flemi ile dudaklarda daha kal\u0131c\u0131 dolgunlu\u011fu ve g\u00fczelli\u011fi yakalamak m\u00fcmk\u00fcn m\u00fc?<\/strong><\/p>\n<p>Dudak kald\u0131rma esteti\u011fi, son d\u00f6nemde olduk\u00e7a pop\u00fcler estetik kavramlar\u0131ndan birisi. Bu yaz\u0131m\u0131zda, <a href=\"https:\/\/www.ozanseymen.com\/tr\/dudak-kaldirma-liplift\/\">liplift (dudak kald\u0131rma)<\/a> i\u015flemi hakk\u0131nda merak edilenleri a\u00e7\u0131klayaca\u011f\u0131m.<\/p>\n<div id=\"ez-toc-container\" class=\"ez-toc-v2_0_82_2 counter-flat ez-toc-counter ez-toc-grey ez-toc-container-direction\">\n<div class=\"ez-toc-title-container\">\n<p class=\"ez-toc-title\" style=\"cursor:inherit\">\u0130\u00e7indekiler<\/p>\n<span class=\"ez-toc-title-toggle\"><a href=\"#\" class=\"ez-toc-pull-right ez-toc-btn ez-toc-btn-xs ez-toc-btn-default ez-toc-toggle\" aria-label=\"\u0130\u00e7indekiler Tablosunu A\u00e7\/Kapat\"><span class=\"ez-toc-js-icon-con\"><span class=\"\"><span class=\"eztoc-hide\" style=\"display:none;\">Toggle<\/span><span class=\"ez-toc-icon-toggle-span\"><svg style=\"fill: #999;color:#999\" xmlns=\"http:\/\/www.w3.org\/2000\/svg\" class=\"list-377408\" width=\"20px\" height=\"20px\" viewBox=\"0 0 24 24\" fill=\"none\"><path d=\"M6 6H4v2h2V6zm14 0H8v2h12V6zM4 11h2v2H4v-2zm16 0H8v2h12v-2zM4 16h2v2H4v-2zm16 0H8v2h12v-2z\" fill=\"currentColor\"><\/path><\/svg><svg style=\"fill: #999;color:#999\" class=\"arrow-unsorted-368013\" xmlns=\"http:\/\/www.w3.org\/2000\/svg\" width=\"10px\" height=\"10px\" viewBox=\"0 0 24 24\" version=\"1.2\" baseProfile=\"tiny\"><path d=\"M18.2 9.3l-6.2-6.3-6.2 6.3c-.2.2-.3.4-.3.7s.1.5.3.7c.2.2.4.3.7.3h11c.3 0 .5-.1.7-.3.2-.2.3-.5.3-.7s-.1-.5-.3-.7zM5.8 14.7l6.2 6.3 6.2-6.3c.2-.2.3-.5.3-.7s-.1-.5-.3-.7c-.2-.2-.4-.3-.7-.3h-11c-.3 0-.5.1-.7.3-.2.2-.3.5-.3.7s.1.5.3.7z\"\/><\/svg><\/span><\/span><\/span><\/a><\/span><\/div>\n<nav><ul class='ez-toc-list ez-toc-list-level-1 eztoc-toggle-hide-by-default' ><li class='ez-toc-page-1'><a class=\"ez-toc-link ez-toc-heading-1\" href=\"https:\/\/www.ozanseymen.com\/tr\/ideal-dudaklar-icin-kalici-yontem-lip-lift-dudak-kaldirma\/#Dudak_Kaldirma_Icin_45_Dakika_Yeterli\" >Dudak Kald\u0131rma \u0130\u00e7in 45 Dakika Yeterli<\/a><\/li><li class='ez-toc-page-1'><a class=\"ez-toc-link ez-toc-heading-2\" href=\"https:\/\/www.ozanseymen.com\/tr\/ideal-dudaklar-icin-kalici-yontem-lip-lift-dudak-kaldirma\/#Aynanin_Karsisina_Gecip%E2%80%A6\" >Aynan\u0131n Kar\u015f\u0131s\u0131na Ge\u00e7ip\u2026<\/a><\/li><li class='ez-toc-page-1'><a class=\"ez-toc-link ez-toc-heading-3\" href=\"https:\/\/www.ozanseymen.com\/tr\/ideal-dudaklar-icin-kalici-yontem-lip-lift-dudak-kaldirma\/#Ideal_Uzunluk_11-15_mm\" >\u0130deal Uzunluk 11-15 mm<\/a><\/li><li class='ez-toc-page-1'><a class=\"ez-toc-link ez-toc-heading-4\" href=\"https:\/\/www.ozanseymen.com\/tr\/ideal-dudaklar-icin-kalici-yontem-lip-lift-dudak-kaldirma\/#Liplift_Bir_Kez_Yapilir_ve_Yenilenmeye_Ihtiyac_Duymaz\" >Liplift Bir Kez Yap\u0131l\u0131r ve Yenilenmeye \u0130htiya\u00e7 Duymaz!<\/a><\/li><\/ul><\/nav><\/div>\n<h2><span class=\"ez-toc-section\" id=\"Dudak_Kaldirma_Icin_45_Dakika_Yeterli\"><\/span><strong>Dudak Kald\u0131rma \u0130\u00e7in 45 Dakika Yeterli<\/strong><span class=\"ez-toc-section-end\"><\/span><\/h2>\n<p>Dudak kald\u0131rma i\u015flemi, sa\u011fl\u0131kl\u0131 ki\u015filerde lokal anestezi y\u00f6ntemiyle, yani i\u011fneyle uyu\u015fturularak ya da \u201csedasyon\u201d olarak adland\u0131r\u0131lan hafif bir sakinle\u015ftirici e\u015fli\u011finde uygulanabilir. Yakla\u015f\u0131k 45 dakikal\u0131k bir i\u015flemdir.<\/p>\n<p>Uygulama sonras\u0131nda 1-2 saatlik g\u00f6zlemin ard\u0131ndan hasta evine d\u00f6nebilir. \u0130\u015flem s\u0131ras\u0131nda burun ile duda\u011f\u0131n\u0131n aras\u0131ndaki ciltten, hemen burun alt\u0131ndaki k\u0131vr\u0131mlara denk gelecek \u015fekilde kesiler yap\u0131l\u0131r. Hastan\u0131n istedi\u011fi miktarda cilt al\u0131n\u0131r ve en az iz kalacak \u015fekilde yeniden dikilir.<\/p>\n<p>\u0130\u015flem sonras\u0131nda dudakta 3-4 g\u00fcn boyunca hafif bir \u015fi\u015flik ve gerginlik hissedilebilir. Bu s\u00fcre\u00e7te yumu\u015fak g\u0131dalar ile beslenmek ve bu b\u00f6lgeyi gerdirmemek iyile\u015fme s\u00fcrecine katk\u0131 sa\u011flayacakt\u0131r. 2 hafta boyunca g\u00fclerken ve konu\u015furken, bu b\u00f6lgede hafif bir rahats\u0131zl\u0131k olu\u015fabilir fakat ciddi bir a\u011fr\u0131 ya\u015fanmaz.<\/p>\n<p>Diki\u015fler 1 hafta kadar k\u0131sa bir s\u00fcrede iyile\u015fir. Ancak yaran\u0131n bulundu\u011fu b\u00f6lgedeki hafif k\u0131zar\u0131kl\u0131k, 1-2 ay kadar sonra tamamen yok olurken, yara belirgin olmayan bir izle d\u00fczelir.<\/p>\n<h2><span class=\"ez-toc-section\" id=\"Aynanin_Karsisina_Gecip%E2%80%A6\"><\/span><strong>Aynan\u0131n Kar\u015f\u0131s\u0131na Ge\u00e7ip\u2026<\/strong><span class=\"ez-toc-section-end\"><\/span><\/h2>\n<p>Bu y\u00f6ntemle \u00fcst duda\u011f\u0131n\u0131z daha kal\u0131n ve daha dolgun bir g\u00f6r\u00fcn\u00fcme kavu\u015facakt\u0131r. Ayr\u0131ca di\u011fer uygulamalara g\u00f6re daha do\u011fal bir sonu\u00e7 verecektir. Ad\u0131ndan da anla\u015f\u0131laca\u011f\u0131 gibi bu i\u015flem duda\u011f\u0131 yukar\u0131ya do\u011fru kald\u0131rmay\u0131 ama\u00e7lar.<\/p>\n<p>Aynan\u0131n kar\u015f\u0131s\u0131na ge\u00e7ip, iki elinizin i\u015faret parmaklar\u0131n\u0131 burnunuzun alt\u0131ndaki cilde yerle\u015ftirin. Burun ve dudak aras\u0131ndaki cildi yukar\u0131ya do\u011fru kald\u0131r\u0131n. \u00dcst duda\u011f\u0131n\u0131z yukar\u0131ya do\u011fru d\u00f6nd\u00fc ve kal\u0131nla\u015ft\u0131 de\u011fil mi?\u00a0 \u0130\u015fte liplift uygulamas\u0131 ile temel ama\u00e7 bu g\u00f6r\u00fcn\u00fcm\u00fc sa\u011flamakt\u0131r.<\/p>\n<h3><span class=\"ez-toc-section\" id=\"Ideal_Uzunluk_11-15_mm\"><\/span><strong>\u0130deal Uzunluk 11-15 mm<\/strong><span class=\"ez-toc-section-end\"><\/span><\/h3>\n<p>\u201cPeki bu i\u015flem kimler i\u00e7in uygun?\u201d sorusu bizlere \u00e7ok fazla y\u00f6neltiliyor. Genelde \u00fcst dudak cildinin yani burun ile dudak aras\u0131ndaki mesafenin ideal bir uzunlu\u011fu vard\u0131r -ki bu 11-15 mm aras\u0131ndad\u0131r-. Bu uzunlu\u011fu idealden daha fazla olan ve \u00fcst dudaklar\u0131 ince olan ki\u015filer bu i\u015flem i\u00e7in uygun ki\u015filerdir.<\/p>\n<p>Bu b\u00f6lge do\u011fu\u015ftan itibaren uzun olabilir veya burun esteti\u011fi ge\u00e7irmi\u015f ki\u015filerde, burun ucu havaya kalkt\u0131\u011f\u0131 i\u00e7in daha uzun g\u00f6r\u00fcnmeye ba\u015flayabilir. Ayr\u0131ca ya\u015fland\u0131k\u00e7a her b\u00f6lgede oldu\u011fu gibi, \u00fcst dudakta da sarkmalar g\u00f6r\u00fclebilir. Dudak kald\u0131rma (liplift), bu gibi estetik sorunlarda iyi ve kal\u0131c\u0131 bir \u00e7\u00f6z\u00fcmd\u00fcr.<\/p>\n<h3><span class=\"ez-toc-section\" id=\"Liplift_Bir_Kez_Yapilir_ve_Yenilenmeye_Ihtiyac_Duymaz\"><\/span><strong>Liplift Bir Kez Yap\u0131l\u0131r ve Yenilenmeye \u0130htiya\u00e7 Duymaz!<\/strong><span class=\"ez-toc-section-end\"><\/span><\/h3>\n<p>Dudak kald\u0131rma i\u015flemini di\u011fer dudak uygulamalar\u0131 ile kar\u015f\u0131la\u015ft\u0131rd\u0131\u011f\u0131m\u0131z zaman \u00e7ok say\u0131da avantaj sa\u011flad\u0131\u011f\u0131n\u0131 g\u00f6r\u00fcyoruz. Bu i\u015flemle \u00fcst dudak cildi ideal \u00f6l\u00e7\u00fclere gelir, \u00fcst dudak do\u011fal bir \u015fekilde kal\u0131nla\u015f\u0131r ve yukar\u0131ya d\u00f6ner. \u00dcst di\u015fler normal duru\u015fta ve g\u00fcl\u00fcmseme s\u0131ras\u0131nda ho\u015f bir \u015fekilde daha g\u00f6r\u00fcn\u00fcr hale gelir.<\/p>\n<p>Ek olarak \u00fcst dudak cildindeki k\u0131r\u0131\u015f\u0131kl\u0131klar da azal\u0131r. Burada alt\u0131n\u0131n \u00e7izilmesi gereken detay bu de\u011fi\u015fimlerin t\u00fcm\u00fcn\u00fcn kal\u0131c\u0131 olmas\u0131d\u0131r. Yani bu i\u015flem sonras\u0131nda hasta, dolgu uygulamalar\u0131 sonras\u0131nda yapt\u0131\u011f\u0131 gibi 8-12 ayda bir i\u015flem yenilemeye ihtiya\u00e7 duymaz.<\/p>\n<p>Kimse, \u201cMakyaj ya da dolgularla \u00fcst duda\u011f\u0131m\u0131z\u0131 kal\u0131nla\u015ft\u0131r\u0131yoruz, o zaman bu i\u015fleme ne gerek var?\u201d diye d\u00fc\u015f\u00fcnmemeli. \u00c7\u00fcnk\u00fc dolgu, makyaj gibi y\u00f6ntemler \u00fcst dudak cildi uzunlu\u011funu azaltmazlar. \u00dcstelik etkileri kal\u0131c\u0131 de\u011fildir.<\/p>\n<p>Dolgularla dudak kal\u0131nla\u015ft\u0131r\u0131l\u0131rken dudak \u00f6ne do\u011fru itilir ve dozu do\u011fru ayarlanmaz ise dudak \u00e7ok fazla \u00f6ne \u00e7\u0131kar\u0131larak \u2018\u2019\u00f6rdek duda\u011f\u0131\u2019\u2019 dedi\u011fimiz do\u011fal olmayan bir g\u00f6r\u00fcn\u00fcme sahip olur. Ayr\u0131ca <a href=\"https:\/\/www.ozanseymen.com\/tr\/dudak-dolgusu-fiyatlari\/\">dudak dolgular\u0131<\/a> nadirde olsa dokularda reaksiyon yaparak, nekroz dedi\u011fimiz doku kay\u0131plar\u0131na yol a\u00e7abilir. Tabii ki her y\u0131l yapt\u0131rman\u0131z gerekti\u011finden maliyeti de liplift i\u015flemine g\u00f6re daha y\u00fcksektir.<\/p>\n","protected":false},"excerpt":{"rendered":"<p>Hemen herkesin hayali, daha dolgun ve g\u00fczel dudaklara sahip olmak. Bunun i\u00e7in makyajdan dolgulara kadar pek \u00e7ok y\u00f6ntem uygulan\u0131yor. Peki liplift dudak kald\u0131rma\u00a0i\u015flemi ile dudaklarda daha kal\u0131c\u0131 dolgunlu\u011fu ve g\u00fczelli\u011fi yakalamak m\u00fcmk\u00fcn m\u00fc? Dudak kald\u0131rma esteti\u011fi, son d\u00f6nemde olduk\u00e7a pop\u00fcler estetik kavramlar\u0131ndan birisi. Bu yaz\u0131m\u0131zda, liplift (dudak kald\u0131rma) i\u015flemi hakk\u0131nda merak edilenleri a\u00e7\u0131klayaca\u011f\u0131m. Dudak Kald\u0131rma [&hellip;]<\/p>\n","protected":false},"author":1,"featured_media":1243,"comment_status":"closed","ping_status":"closed","sticky":false,"template":"","format":"standard","meta":{"footnotes":""},"categories":[2],"tags":[],"class_list":["post-1242","post","type-post","status-publish","format-standard","has-post-thumbnail","hentry","category-blog"],"_links":{"self":[{"href":"https:\/\/www.ozanseymen.com\/tr\/wp-json\/wp\/v2\/posts\/1242","targetHints":{"allow":["GET"]}}],"collection":[{"href":"https:\/\/www.ozanseymen.com\/tr\/wp-json\/wp\/v2\/posts"}],"about":[{"href":"https:\/\/www.ozanseymen.com\/tr\/wp-json\/wp\/v2\/types\/post"}],"author":[{"embeddable":true,"href":"https:\/\/www.ozanseymen.com\/tr\/wp-json\/wp\/v2\/users\/1"}],"replies":[{"embeddable":true,"href":"https:\/\/www.ozanseymen.com\/tr\/wp-json\/wp\/v2\/comments?post=1242"}],"version-history":[{"count":4,"href":"https:\/\/www.ozanseymen.com\/tr\/wp-json\/wp\/v2\/posts\/1242\/revisions"}],"predecessor-version":[{"id":1373,"href":"https:\/\/www.ozanseymen.com\/tr\/wp-json\/wp\/v2\/posts\/1242\/revisions\/1373"}],"wp:featuredmedia":[{"embeddable":true,"href":"https:\/\/www.ozanseymen.com\/tr\/wp-json\/wp\/v2\/media\/1243"}],"wp:attachment":[{"href":"https:\/\/www.ozanseymen.com\/tr\/wp-json\/wp\/v2\/media?parent=1242"}],"wp:term":[{"taxonomy":"category","embeddable":true,"href":"https:\/\/www.ozanseymen.com\/tr\/wp-json\/wp\/v2\/categories?post=1242"},{"taxonomy":"post_tag","embeddable":true,"href":"https:\/\/www.ozanseymen.com\/tr\/wp-json\/wp\/v2\/tags?post=1242"}],"curies":[{"name":"wp","href":"https:\/\/api.w.org\/{rel}","templated":true}]}}