{"id":1172,"date":"2025-05-27T13:08:11","date_gmt":"2025-05-27T10:08:11","guid":{"rendered":"https:\/\/www.ozanseymen.com\/tr\/?p=1172"},"modified":"2025-06-30T17:27:30","modified_gmt":"2025-06-30T14:27:30","slug":"vucudun-savunma-mekanizmasi-bademcik","status":"publish","type":"post","link":"https:\/\/www.ozanseymen.com\/tr\/vucudun-savunma-mekanizmasi-bademcik\/","title":{"rendered":"V\u00fccudun Savunma Mekanizmas\u0131: Bademcik"},"content":{"rendered":"<p><strong>K\u0131\u015f aylar\u0131n\u0131n gelmesi ile birlikte havalar so\u011fumaya ba\u015flad\u0131. So\u011fuk havalar beraberinde bademcik iltihab\u0131 gibi bir\u00e7ok hastal\u0131\u011fa da davetiye \u00e7\u0131kar\u0131yor.<\/strong><\/p>\n<p>KBB Hastal\u0131klar\u0131 Uzman\u0131 Prof. Dr. Ozan Seymen Sezen, so\u011fuk havalarda yakalanma ihtimali en y\u00fcksek olan problemlerden biri olan \u201c<strong>Bademcik<\/strong> Enfeksiyonu ve Tedavileri\u201d hakk\u0131nda detayl\u0131 bilgiler verdi.<\/p>\n<div id=\"ez-toc-container\" class=\"ez-toc-v2_0_82_2 counter-flat ez-toc-counter ez-toc-grey ez-toc-container-direction\">\n<div class=\"ez-toc-title-container\">\n<p class=\"ez-toc-title\" style=\"cursor:inherit\">\u0130\u00e7indekiler<\/p>\n<span class=\"ez-toc-title-toggle\"><a href=\"#\" class=\"ez-toc-pull-right ez-toc-btn ez-toc-btn-xs ez-toc-btn-default ez-toc-toggle\" aria-label=\"\u0130\u00e7indekiler Tablosunu A\u00e7\/Kapat\"><span class=\"ez-toc-js-icon-con\"><span class=\"\"><span class=\"eztoc-hide\" style=\"display:none;\">Toggle<\/span><span class=\"ez-toc-icon-toggle-span\"><svg style=\"fill: #999;color:#999\" xmlns=\"http:\/\/www.w3.org\/2000\/svg\" class=\"list-377408\" width=\"20px\" height=\"20px\" viewBox=\"0 0 24 24\" fill=\"none\"><path d=\"M6 6H4v2h2V6zm14 0H8v2h12V6zM4 11h2v2H4v-2zm16 0H8v2h12v-2zM4 16h2v2H4v-2zm16 0H8v2h12v-2z\" fill=\"currentColor\"><\/path><\/svg><svg style=\"fill: #999;color:#999\" class=\"arrow-unsorted-368013\" xmlns=\"http:\/\/www.w3.org\/2000\/svg\" width=\"10px\" height=\"10px\" viewBox=\"0 0 24 24\" version=\"1.2\" baseProfile=\"tiny\"><path d=\"M18.2 9.3l-6.2-6.3-6.2 6.3c-.2.2-.3.4-.3.7s.1.5.3.7c.2.2.4.3.7.3h11c.3 0 .5-.1.7-.3.2-.2.3-.5.3-.7s-.1-.5-.3-.7zM5.8 14.7l6.2 6.3 6.2-6.3c.2-.2.3-.5.3-.7s-.1-.5-.3-.7c-.2-.2-.4-.3-.7-.3h-11c-.3 0-.5.1-.7.3-.2.2-.3.5-.3.7s.1.5.3.7z\"\/><\/svg><\/span><\/span><\/span><\/a><\/span><\/div>\n<nav><ul class='ez-toc-list ez-toc-list-level-1 eztoc-toggle-hide-by-default' ><li class='ez-toc-page-1'><a class=\"ez-toc-link ez-toc-heading-1\" href=\"https:\/\/www.ozanseymen.com\/tr\/vucudun-savunma-mekanizmasi-bademcik\/#Gorevleri_Savasmak\" >G\u00f6revleri Sava\u015fmak<\/a><\/li><li class='ez-toc-page-1'><a class=\"ez-toc-link ez-toc-heading-2\" href=\"https:\/\/www.ozanseymen.com\/tr\/vucudun-savunma-mekanizmasi-bademcik\/#Cocuk_Hastalarda_Daha_Sik_Rastlaniyor\" >\u00c7ocuk Hastalarda Daha S\u0131k Rastlan\u0131yor<\/a><\/li><li class='ez-toc-page-1'><a class=\"ez-toc-link ez-toc-heading-3\" href=\"https:\/\/www.ozanseymen.com\/tr\/vucudun-savunma-mekanizmasi-bademcik\/#Bu_Belirtiler_Var_Ise_Dikkat\" >Bu Belirtiler Var \u0130se Dikkat!<\/a><\/li><li class='ez-toc-page-1'><a class=\"ez-toc-link ez-toc-heading-4\" href=\"https:\/\/www.ozanseymen.com\/tr\/vucudun-savunma-mekanizmasi-bademcik\/#Cerrahi_Yontemle_Alinmasi_Gerekebilir\" >Cerrahi Y\u00f6ntemle Al\u0131nmas\u0131 Gerekebilir<\/a><\/li><li class='ez-toc-page-1'><a class=\"ez-toc-link ez-toc-heading-5\" href=\"https:\/\/www.ozanseymen.com\/tr\/vucudun-savunma-mekanizmasi-bademcik\/#Bademcikler_Alinirsa_Vucut_Nasil_Korunacak\" >Bademcikler Al\u0131n\u0131rsa V\u00fccut Nas\u0131l Korunacak?<\/a><\/li><\/ul><\/nav><\/div>\n<h2><span class=\"ez-toc-section\" id=\"Gorevleri_Savasmak\"><\/span><strong>G\u00f6revleri Sava\u015fmak<\/strong><span class=\"ez-toc-section-end\"><\/span><\/h2>\n<p>KBB Hastal\u0131klar\u0131 Uzman\u0131 Prof. Dr. Ozan Seymen Sezen; \u201c<strong>Bademcik<\/strong>ler, ki\u015filerin bo\u011faz\u0131n\u0131n iki taraf\u0131nda bulunan, oval \u015fekilli yumu\u015fak doku k\u00fctleleridir.<\/p>\n<p>Ayn\u0131 zamanda lenfatik sistemin bir par\u00e7as\u0131d\u0131r. Bademcikler, enfeksiyonlardan korunmaya yard\u0131mc\u0131 olur. A\u011f\u0131z yoluyla v\u00fccuda giren vir\u00fcs ve bakterilerle sava\u015fmak da bademciklerin \u00f6nemli bir g\u00f6revidir.\u201d dedi.<\/p>\n<p>So\u011fuklar\u0131n g\u00fcn ge\u00e7tik\u00e7e artt\u0131\u011f\u0131 bu aylarda, grip ve nezleler ile birlikte en s\u0131k g\u00f6r\u00fclen rahats\u0131zl\u0131klardan birinin \u201cbademcik enfeksiyonlar\u0131\u201d oldu\u011funu belirten Seymen Sezen, \u201c<strong>Bademcik<\/strong> iltihaplar\u0131 s\u0131k ya\u015fanan problemlerin ba\u015f\u0131nda gelir.<\/p>\n<p>Havas\u0131z kapal\u0131 ve kalabal\u0131k ortama maruz kalmak enfeksiyon risklerini maksimum seviyeye \u00e7\u0131karmaktad\u0131r. Bulunulan ortam\u0131 arada bir havaland\u0131rmak, ortamda hijyeni sa\u011flamak ve elleri bol bol y\u0131kamak al\u0131nabilecek \u00f6nlemler aras\u0131ndad\u0131r.\u201d yorumunda bulundu.<\/p>\n<h2><span class=\"ez-toc-section\" id=\"Cocuk_Hastalarda_Daha_Sik_Rastlaniyor\"><\/span><strong>\u00c7ocuk Hastalarda Daha S\u0131k Rastlan\u0131yor<\/strong><span class=\"ez-toc-section-end\"><\/span><\/h2>\n<p><img loading=\"lazy\" decoding=\"async\" class=\"alignnone wp-image-1173\" src=\"https:\/\/www.ozanseymen.com\/tr\/wp-content\/uploads\/2025\/05\/vucudun-savunma-mekanizmasi-bademcik-scaled.jpeg\" alt=\"\" width=\"489\" height=\"236\" title=\"\" srcset=\"https:\/\/www.ozanseymen.com\/tr\/wp-content\/uploads\/2025\/05\/vucudun-savunma-mekanizmasi-bademcik-scaled.jpeg 2560w, https:\/\/www.ozanseymen.com\/tr\/wp-content\/uploads\/2025\/05\/vucudun-savunma-mekanizmasi-bademcik-300x145.jpeg 300w, https:\/\/www.ozanseymen.com\/tr\/wp-content\/uploads\/2025\/05\/vucudun-savunma-mekanizmasi-bademcik-1024x494.jpeg 1024w, https:\/\/www.ozanseymen.com\/tr\/wp-content\/uploads\/2025\/05\/vucudun-savunma-mekanizmasi-bademcik-768x370.jpeg 768w, https:\/\/www.ozanseymen.com\/tr\/wp-content\/uploads\/2025\/05\/vucudun-savunma-mekanizmasi-bademcik-1536x740.jpeg 1536w, https:\/\/www.ozanseymen.com\/tr\/wp-content\/uploads\/2025\/05\/vucudun-savunma-mekanizmasi-bademcik-2048x987.jpeg 2048w\" sizes=\"auto, (max-width: 489px) 100vw, 489px\" \/><\/p>\n<p>\u201c\u00d6zellikle \u00e7ocuk hastalarda <strong>bademcik enfeksiyonlar\u0131<\/strong>na ve buna ba\u011fl\u0131 geli\u015febilen hastal\u0131klara daha s\u0131k rastl\u0131yoruz\u201d diyen Seymen, \u201cToplumda \u201cbeta\u201d mikrobu olarak adland\u0131r\u0131lan, streptekok cinsi mikroplar bademci\u011fe yerle\u015fir ve bademcik rahats\u0131zl\u0131\u011f\u0131na yol a\u00e7ar.<\/p>\n<p>\u00c7o\u011funlukla <a href=\"https:\/\/www.ozanseymen.com\/tr\/bademcik-ameliyati-fiyat\/\"><strong>bademcikler<\/strong><\/a> \u00fczerinde beyaz bir g\u00f6r\u00fcnt\u00fc yarat\u0131r. Belirtileri aras\u0131nda bo\u011faz a\u011fr\u0131s\u0131na e\u015flik eden ate\u015f, halsizlik, eklem a\u011fr\u0131s\u0131 vard\u0131r.<\/p>\n<h3><span class=\"ez-toc-section\" id=\"Bu_Belirtiler_Var_Ise_Dikkat\"><\/span><strong>Bu Belirtiler Var \u0130se Dikkat!<\/strong><span class=\"ez-toc-section-end\"><\/span><\/h3>\n<p>Prof. Dr. Ozan Seymen Sezen, \u201cAkut yani ge\u00e7ici bademcik \u015fi\u015fmesinde olu\u015fan semptomlar kolayl\u0131kla tedavi edilebilir. Kronik veya \u00e7ok s\u0131k tekrarlayan bademcik iltihab\u0131, \u015fi\u015fen bademciklerin ge\u00e7ici bir b\u00f6l\u00fcm\u00fcn\u00fc olu\u015fturan ve nadir g\u00f6r\u00fclen enfeksiyonlardan farkl\u0131d\u0131r.<\/p>\n<p>Bu durum genellikle antibiyotik kullan\u0131m\u0131na olumlu cevap vermez ve hastal\u0131k devam eder. Bulgular\u0131 ise tekrarlayan bo\u011faz a\u011fr\u0131s\u0131, bo\u011fazda kuruluk ve ka\u015f\u0131nt\u0131, yutma g\u00fc\u00e7l\u00fc\u011f\u00fc, halsizlik, hafif ate\u015f ve kans\u0131zl\u0131kt\u0131r.<\/p>\n<p>Bunun d\u0131\u015f\u0131nda geniz eti ile birlikte ise solunum yolunu t\u0131kayabilir ve uyku apnesine yol a\u00e7abilir.\u201c dedi.<\/p>\n<h3><span class=\"ez-toc-section\" id=\"Cerrahi_Yontemle_Alinmasi_Gerekebilir\"><\/span><strong>Cerrahi Y\u00f6ntemle Al\u0131nmas\u0131 Gerekebilir<\/strong><span class=\"ez-toc-section-end\"><\/span><\/h3>\n<p>Seymen, \u201cSenede 3 seferden fazla tekrarlayan, daima ila\u00e7 kullan\u0131m\u0131na ihtiya\u00e7 duyulan kronik enfeksiyonlarda ve \u00e7ok b\u00fcy\u00fck <strong>b<\/strong><a href=\"https:\/\/www.ozanseymen.com\/tr\"><strong>ademcikler<\/strong><\/a> nedeniyle ya\u015fanan nefes alma zorlu\u011fu, a\u011fz\u0131 a\u00e7\u0131k uyuma, horlama, b\u00fcy\u00fcme-geli\u015fme gerili\u011fi gibi durumlarda hekiminiz bademciklerin cerrahi y\u00f6ntemler ile al\u0131nmas\u0131na karar verebilir. Bu y\u00f6nteme \u201ctonsillektomi cerrahi\u201d ismi verilir.<\/p>\n<p>Bademcik ameliyatlar\u0131 T\u00fcrkiye\u2019de ve d\u00fcnyada \u00e7ok s\u0131k yap\u0131lan ve sonu\u00e7lar\u0131 olduk\u00e7a olumlu olan ameliyatlard\u0131r. Hastan\u0131n genel anestezi almas\u0131na engel olan bir durum olmad\u0131\u011f\u0131 takdirde, hastan\u0131n uyutularak ameliyat edilmesi son derece konforludur. Bu ameliyat genellikle 30 dakika ila 1 saat kadar s\u00fcrmektedir.\u201d dedi.<\/p>\n<h3><span class=\"ez-toc-section\" id=\"Bademcikler_Alinirsa_Vucut_Nasil_Korunacak\"><\/span><strong>Bademcikler Al\u0131n\u0131rsa V\u00fccut Nas\u0131l Korunacak?<\/strong><span class=\"ez-toc-section-end\"><\/span><\/h3>\n<p>Prof. Dr. Ozan Seymen Sezen, \u201cBir\u00e7ok ki\u015fi, savunma sisteminin \u00f6nemli bir par\u00e7as\u0131 olan bademciklerinin al\u0131nmas\u0131 durumunda v\u00fccudunun savunmas\u0131z kal\u0131p kalmayaca\u011f\u0131 konusunda endi\u015fe duymaktad\u0131r.<\/p>\n<p>Fakat alt\u0131n\u0131 \u00f6nemle \u00e7izmek gerekir ki, v\u00fccudumuzu savunmakla g\u00f6revli olan tek organ\u0131m\u0131z kesinlikle bademciklerimiz de\u011fildir. Bademciklerin ameliyat ile ki\u015fiden al\u0131nmas\u0131 durumunda, v\u00fccudu koruma g\u00f6revini dil k\u00f6k\u00fc bademcikleri ve bo\u011faz\u0131m\u0131z\u0131n arka duvar\u0131ndaki yap\u0131lar \u00fcstlenmektedir.\u201d dedi.<\/p>\n","protected":false},"excerpt":{"rendered":"<p>K\u0131\u015f aylar\u0131n\u0131n gelmesi ile birlikte havalar so\u011fumaya ba\u015flad\u0131. So\u011fuk havalar beraberinde bademcik iltihab\u0131 gibi bir\u00e7ok hastal\u0131\u011fa da davetiye \u00e7\u0131kar\u0131yor. KBB Hastal\u0131klar\u0131 Uzman\u0131 Prof. Dr. Ozan Seymen Sezen, so\u011fuk havalarda yakalanma ihtimali en y\u00fcksek olan problemlerden biri olan \u201cBademcik Enfeksiyonu ve Tedavileri\u201d hakk\u0131nda detayl\u0131 bilgiler verdi. G\u00f6revleri Sava\u015fmak KBB Hastal\u0131klar\u0131 Uzman\u0131 Prof. Dr. Ozan Seymen Sezen; [&hellip;]<\/p>\n","protected":false},"author":1,"featured_media":1174,"comment_status":"closed","ping_status":"closed","sticky":false,"template":"","format":"standard","meta":{"footnotes":""},"categories":[2],"tags":[],"class_list":["post-1172","post","type-post","status-publish","format-standard","has-post-thumbnail","hentry","category-blog"],"_links":{"self":[{"href":"https:\/\/www.ozanseymen.com\/tr\/wp-json\/wp\/v2\/posts\/1172","targetHints":{"allow":["GET"]}}],"collection":[{"href":"https:\/\/www.ozanseymen.com\/tr\/wp-json\/wp\/v2\/posts"}],"about":[{"href":"https:\/\/www.ozanseymen.com\/tr\/wp-json\/wp\/v2\/types\/post"}],"author":[{"embeddable":true,"href":"https:\/\/www.ozanseymen.com\/tr\/wp-json\/wp\/v2\/users\/1"}],"replies":[{"embeddable":true,"href":"https:\/\/www.ozanseymen.com\/tr\/wp-json\/wp\/v2\/comments?post=1172"}],"version-history":[{"count":3,"href":"https:\/\/www.ozanseymen.com\/tr\/wp-json\/wp\/v2\/posts\/1172\/revisions"}],"predecessor-version":[{"id":1475,"href":"https:\/\/www.ozanseymen.com\/tr\/wp-json\/wp\/v2\/posts\/1172\/revisions\/1475"}],"wp:featuredmedia":[{"embeddable":true,"href":"https:\/\/www.ozanseymen.com\/tr\/wp-json\/wp\/v2\/media\/1174"}],"wp:attachment":[{"href":"https:\/\/www.ozanseymen.com\/tr\/wp-json\/wp\/v2\/media?parent=1172"}],"wp:term":[{"taxonomy":"category","embeddable":true,"href":"https:\/\/www.ozanseymen.com\/tr\/wp-json\/wp\/v2\/categories?post=1172"},{"taxonomy":"post_tag","embeddable":true,"href":"https:\/\/www.ozanseymen.com\/tr\/wp-json\/wp\/v2\/tags?post=1172"}],"curies":[{"name":"wp","href":"https:\/\/api.w.org\/{rel}","templated":true}]}}