{"id":1137,"date":"2025-05-27T12:17:35","date_gmt":"2025-05-27T09:17:35","guid":{"rendered":"https:\/\/www.ozanseymen.com\/tr\/?p=1137"},"modified":"2025-06-30T17:20:30","modified_gmt":"2025-06-30T14:20:30","slug":"selfie-cekimlerinin-burun-estetigi-islemlerine-etkisi","status":"publish","type":"post","link":"https:\/\/www.ozanseymen.com\/tr\/selfie-cekimlerinin-burun-estetigi-islemlerine-etkisi\/","title":{"rendered":"Selfie \u00c7ekimlerinin Burun Esteti\u011fi \u0130\u015flemlerine Etkisi"},"content":{"rendered":"<p><strong>Selfie \u00e7ekimlerinin artmas\u0131, burun esteti\u011fi i\u015flemlerinin de artmas\u0131na yol a\u00e7t\u0131. \u00d6n kamera ve arka kameradaki farkl\u0131l\u0131klar, y\u00fcz\u00fcn orant\u0131s\u0131ndaki problemler sebebiyle meydana gelmektedir.<\/strong><\/p>\n<p>\u00d6n kamera, y\u00fczdeki orant\u0131 problemlerini daha ger\u00e7ek\u00e7i g\u00f6sterir. Bundan dolay\u0131 da selfie \u00e7ekimlerinden memnun olmayan ve burnunda kusurlar fark eden hastalar, burun ameliyat\u0131 i\u00e7in bilin\u00e7li \u015fekilde ba\u015fvurmaya ba\u015flam\u0131\u015ft\u0131r.<\/p>\n<p>Burun ameliyat\u0131n\u0131n ba\u015far\u0131l\u0131 \u015fekilde uygulanmas\u0131ndan sonra selfie \u00e7ekimlerinde de herhangi bir sorun ya\u015fanmayacak ve selfie \u00e7ekiminden korkusuz \u015fekilde diledi\u011finiz gibi foto\u011fraf \u00e7ekebileceksiniz.<\/p>\n<div id=\"ez-toc-container\" class=\"ez-toc-v2_0_82_2 counter-flat ez-toc-counter ez-toc-grey ez-toc-container-direction\">\n<div class=\"ez-toc-title-container\">\n<p class=\"ez-toc-title\" style=\"cursor:inherit\">\u0130\u00e7indekiler<\/p>\n<span class=\"ez-toc-title-toggle\"><a href=\"#\" class=\"ez-toc-pull-right ez-toc-btn ez-toc-btn-xs ez-toc-btn-default ez-toc-toggle\" aria-label=\"\u0130\u00e7indekiler Tablosunu A\u00e7\/Kapat\"><span class=\"ez-toc-js-icon-con\"><span class=\"\"><span class=\"eztoc-hide\" style=\"display:none;\">Toggle<\/span><span class=\"ez-toc-icon-toggle-span\"><svg style=\"fill: #999;color:#999\" xmlns=\"http:\/\/www.w3.org\/2000\/svg\" class=\"list-377408\" width=\"20px\" height=\"20px\" viewBox=\"0 0 24 24\" fill=\"none\"><path d=\"M6 6H4v2h2V6zm14 0H8v2h12V6zM4 11h2v2H4v-2zm16 0H8v2h12v-2zM4 16h2v2H4v-2zm16 0H8v2h12v-2z\" fill=\"currentColor\"><\/path><\/svg><svg style=\"fill: #999;color:#999\" class=\"arrow-unsorted-368013\" xmlns=\"http:\/\/www.w3.org\/2000\/svg\" width=\"10px\" height=\"10px\" viewBox=\"0 0 24 24\" version=\"1.2\" baseProfile=\"tiny\"><path d=\"M18.2 9.3l-6.2-6.3-6.2 6.3c-.2.2-.3.4-.3.7s.1.5.3.7c.2.2.4.3.7.3h11c.3 0 .5-.1.7-.3.2-.2.3-.5.3-.7s-.1-.5-.3-.7zM5.8 14.7l6.2 6.3 6.2-6.3c.2-.2.3-.5.3-.7s-.1-.5-.3-.7c-.2-.2-.4-.3-.7-.3h-11c-.3 0-.5.1-.7.3-.2.2-.3.5-.3.7s.1.5.3.7z\"\/><\/svg><\/span><\/span><\/span><\/a><\/span><\/div>\n<nav><ul class='ez-toc-list ez-toc-list-level-1 eztoc-toggle-hide-by-default' ><li class='ez-toc-page-1'><a class=\"ez-toc-link ez-toc-heading-1\" href=\"https:\/\/www.ozanseymen.com\/tr\/selfie-cekimlerinin-burun-estetigi-islemlerine-etkisi\/#Burun_Ameliyati_Nasil_Uygulanir\" >Burun Ameliyat\u0131 Nas\u0131l Uygulan\u0131r?<\/a><\/li><li class='ez-toc-page-1'><a class=\"ez-toc-link ez-toc-heading-2\" href=\"https:\/\/www.ozanseymen.com\/tr\/selfie-cekimlerinin-burun-estetigi-islemlerine-etkisi\/#Burun_Ameliyati_Fiyatlari_2025\" >Burun Ameliyat\u0131 Fiyatlar\u0131 2025<\/a><\/li><\/ul><\/nav><\/div>\n<h2><span class=\"ez-toc-section\" id=\"Burun_Ameliyati_Nasil_Uygulanir\"><\/span><strong>Burun Ameliyat\u0131 Nas\u0131l Uygulan\u0131r?<\/strong><span class=\"ez-toc-section-end\"><\/span><\/h2>\n<p><img loading=\"lazy\" decoding=\"async\" class=\"alignnone wp-image-1139\" src=\"https:\/\/www.ozanseymen.com\/tr\/wp-content\/uploads\/2025\/05\/selfie-cekimlerinin-burun-estetigi-islemlerine-etkisi-1.jpg\" alt=\"\" width=\"405\" height=\"422\" title=\"\" srcset=\"https:\/\/www.ozanseymen.com\/tr\/wp-content\/uploads\/2025\/05\/selfie-cekimlerinin-burun-estetigi-islemlerine-etkisi-1.jpg 920w, https:\/\/www.ozanseymen.com\/tr\/wp-content\/uploads\/2025\/05\/selfie-cekimlerinin-burun-estetigi-islemlerine-etkisi-1-288x300.jpg 288w, https:\/\/www.ozanseymen.com\/tr\/wp-content\/uploads\/2025\/05\/selfie-cekimlerinin-burun-estetigi-islemlerine-etkisi-1-768x801.jpg 768w\" sizes=\"auto, (max-width: 405px) 100vw, 405px\" \/><\/p>\n<p>Burun ameliyat\u0131 bir\u00e7ok farkl\u0131 sebeple uygulanabilir. \u00d6zellikle burun \u015fekil bozukluklar\u0131, nefes alma problemleri, burun yap\u0131s\u0131nda sonradan ya da do\u011fumsal \u015fekilde meydana gelen problemler <a href=\"https:\/\/www.ozanseymen.com\/tr\/burun-estetigi-fiyatlari\/\"><strong>burun esteti\u011fi<\/strong><\/a> uygulanmas\u0131 i\u00e7in yeterli sebeplerdir. \u00d6zellikle nefes alma problemleri, genellikle i\u00e7 bozukluklar kaynakl\u0131 olur.<\/p>\n<p>D\u0131\u015fardan herhangi bir e\u011frilik ya da problem g\u00f6z\u00fckmese bile i\u00e7erden meydana gelen bozukluklar nefes almay\u0131 engeller. <strong>Burun esteti\u011fi<\/strong> operasyonlar\u0131, di\u011fer bir ismi ile rinoplasti, bu problemlerin onar\u0131lmas\u0131na, iyile\u015ftirilmesine destek olur.<\/p>\n<p><strong>Burun esteti\u011fi ameliyatlar\u0131<\/strong>n\u0131n ba\u015far\u0131l\u0131 bir doktor taraf\u0131ndan ba\u015far\u0131l\u0131 \u015fekilde uygulanmas\u0131ndan sonra hastan\u0131n burnu y\u00fcz\u00fcne en \u00e7ok yak\u0131\u015fan formuna kavu\u015fur. Y\u00fcz ile orant\u0131l\u0131 \u015fekilde yeniden olu\u015fturulan burun i\u00e7 yap\u0131s\u0131 da daha sa\u011fl\u0131kl\u0131, nefes alan ve ki\u015finin hayat kalitesini y\u00fckselten bir iyile\u015fme s\u00fcrecinden ge\u00e7er.<\/p>\n<h2><span class=\"ez-toc-section\" id=\"Burun_Ameliyati_Fiyatlari_2025\"><\/span><strong>Burun Ameliyat\u0131 Fiyatlar\u0131 2025<\/strong><span class=\"ez-toc-section-end\"><\/span><\/h2>\n<p><strong>Burun esteti\u011fi fiyatlar\u0131<\/strong> ilden ile, doktordan doktora ve hastadan hastaya g\u00f6re de\u011fi\u015fmektedir. Hastan\u0131n burun yap\u0131s\u0131 ve ihtiyac\u0131 olan t\u0131bbi i\u015flemler, burun ameliyat\u0131 fiyatlar\u0131n\u0131n de\u011fi\u015fmesine yol a\u00e7ar. Bundan dolay\u0131 da standart bir fiyat vermek m\u00fcmk\u00fcn de\u011fildir. Hastan\u0131n burnu, se\u00e7ilen doktor, uygulanan operasyon fiyatlar\u0131 belirler.<\/p>\n<p>Bu noktada hastalar\u0131n bilmesi gereken en \u00f6nemli konu ise, <strong>burun esteti\u011fi fiyatlar\u0131<\/strong>ndan ziyade ba\u015far\u0131l\u0131 ve alan\u0131nda e\u011fitimli bir doktor ile \u00e7al\u0131\u015fmak olacakt\u0131r. \u0130lk ameliyat\u0131n ba\u015far\u0131s\u0131z ge\u00e7mesi, ikinci bir burun ameliyat\u0131na ihtiya\u00e7 do\u011furacakt\u0131r. Bu durumda ekonomik olarak da daha y\u00fcksek mebla\u011flar \u00f6demek gerekecektir.<\/p>\n<p>Bu gibi durumlar\u0131 engellemek i\u00e7in <strong>burun ameliyat\u0131<\/strong> i\u00e7in do\u011fru doktoru se\u00e7mek, do\u011fru operasyonu olmak ve sa\u011fl\u0131kl\u0131 bir burun ile estetik anlamda da ba\u015far\u0131l\u0131 sonu\u00e7lar elde etmek gerekmektedir.<\/p>\n","protected":false},"excerpt":{"rendered":"<p>Selfie \u00e7ekimlerinin artmas\u0131, burun esteti\u011fi i\u015flemlerinin de artmas\u0131na yol a\u00e7t\u0131. \u00d6n kamera ve arka kameradaki farkl\u0131l\u0131klar, y\u00fcz\u00fcn orant\u0131s\u0131ndaki problemler sebebiyle meydana gelmektedir. \u00d6n kamera, y\u00fczdeki orant\u0131 problemlerini daha ger\u00e7ek\u00e7i g\u00f6sterir. Bundan dolay\u0131 da selfie \u00e7ekimlerinden memnun olmayan ve burnunda kusurlar fark eden hastalar, burun ameliyat\u0131 i\u00e7in bilin\u00e7li \u015fekilde ba\u015fvurmaya ba\u015flam\u0131\u015ft\u0131r. Burun ameliyat\u0131n\u0131n ba\u015far\u0131l\u0131 \u015fekilde uygulanmas\u0131ndan [&hellip;]<\/p>\n","protected":false},"author":1,"featured_media":1138,"comment_status":"closed","ping_status":"closed","sticky":false,"template":"","format":"standard","meta":{"footnotes":""},"categories":[2],"tags":[],"class_list":["post-1137","post","type-post","status-publish","format-standard","has-post-thumbnail","hentry","category-blog"],"_links":{"self":[{"href":"https:\/\/www.ozanseymen.com\/tr\/wp-json\/wp\/v2\/posts\/1137","targetHints":{"allow":["GET"]}}],"collection":[{"href":"https:\/\/www.ozanseymen.com\/tr\/wp-json\/wp\/v2\/posts"}],"about":[{"href":"https:\/\/www.ozanseymen.com\/tr\/wp-json\/wp\/v2\/types\/post"}],"author":[{"embeddable":true,"href":"https:\/\/www.ozanseymen.com\/tr\/wp-json\/wp\/v2\/users\/1"}],"replies":[{"embeddable":true,"href":"https:\/\/www.ozanseymen.com\/tr\/wp-json\/wp\/v2\/comments?post=1137"}],"version-history":[{"count":5,"href":"https:\/\/www.ozanseymen.com\/tr\/wp-json\/wp\/v2\/posts\/1137\/revisions"}],"predecessor-version":[{"id":1465,"href":"https:\/\/www.ozanseymen.com\/tr\/wp-json\/wp\/v2\/posts\/1137\/revisions\/1465"}],"wp:featuredmedia":[{"embeddable":true,"href":"https:\/\/www.ozanseymen.com\/tr\/wp-json\/wp\/v2\/media\/1138"}],"wp:attachment":[{"href":"https:\/\/www.ozanseymen.com\/tr\/wp-json\/wp\/v2\/media?parent=1137"}],"wp:term":[{"taxonomy":"category","embeddable":true,"href":"https:\/\/www.ozanseymen.com\/tr\/wp-json\/wp\/v2\/categories?post=1137"},{"taxonomy":"post_tag","embeddable":true,"href":"https:\/\/www.ozanseymen.com\/tr\/wp-json\/wp\/v2\/tags?post=1137"}],"curies":[{"name":"wp","href":"https:\/\/api.w.org\/{rel}","templated":true}]}}