{"id":1130,"date":"2025-05-27T12:13:50","date_gmt":"2025-05-27T09:13:50","guid":{"rendered":"https:\/\/www.ozanseymen.com\/tr\/?p=1130"},"modified":"2025-06-30T17:20:09","modified_gmt":"2025-06-30T14:20:09","slug":"belirti-gostermeyen-hastalara-covid-19-teshisi-nasil-konuluyor","status":"publish","type":"post","link":"https:\/\/www.ozanseymen.com\/tr\/belirti-gostermeyen-hastalara-covid-19-teshisi-nasil-konuluyor\/","title":{"rendered":"Belirti G\u00f6stermeyen Hastalara COVID-19 Te\u015fhisi Nas\u0131l Konuluyor?"},"content":{"rendered":"<p><strong>K\u00fcresel salg\u0131n koranavir\u00fcs (COVID-19) g\u00fcnl\u00fck hayat\u0131m\u0131z\u0131, d\u00fcnyadaki ekonomik ve sosyal sistemi alt\u00fcst etmi\u015f durumda.\u00a0D\u00fcnyan\u0131n b\u00fcy\u00fck bir k\u0131sm\u0131n\u0131 etkisi alt\u0131na alan COVID-19 vir\u00fcs\u00fc binlerce insan\u0131n da ya\u015fam\u0131n\u0131 yitirmesine yol a\u00e7t\u0131.<\/strong><\/p>\n<p>COVID-19 belirtisi g\u00f6stermeyen hastalar\u0131n te\u015fhisi nas\u0131l konuyor?<\/p>\n<p>Vir\u00fcs bulgular\u0131 tespit edilen hastalar hangi s\u00fcre\u00e7lerden ge\u00e7iyor?<\/p>\n<p>Ek hastal\u0131klar\u0131 olan ki\u015filer vir\u00fcse kar\u015f\u0131 nas\u0131l korunacak?<\/p>\n<p>Ek vitaminler ba\u011f\u0131\u015f\u0131kl\u0131\u011f\u0131m\u0131z\u0131 art\u0131r\u0131r m\u0131?<\/p>\n<p><strong>KBB Hastal\u0131klar\u0131 Uzman\u0131 Prof. Dr. Ozan Seymen Sezen<\/strong>, t\u00fcm d\u00fcnyay\u0131 etkisi alt\u0131na alan <strong>COVID-19<\/strong> vir\u00fcs\u00fc hakk\u0131nda merak edilenlere a\u00e7\u0131kl\u0131k getirdi.<\/p>\n<div id=\"ez-toc-container\" class=\"ez-toc-v2_0_82_2 counter-flat ez-toc-counter ez-toc-grey ez-toc-container-direction\">\n<div class=\"ez-toc-title-container\">\n<p class=\"ez-toc-title\" style=\"cursor:inherit\">\u0130\u00e7indekiler<\/p>\n<span class=\"ez-toc-title-toggle\"><a href=\"#\" class=\"ez-toc-pull-right ez-toc-btn ez-toc-btn-xs ez-toc-btn-default ez-toc-toggle\" aria-label=\"\u0130\u00e7indekiler Tablosunu A\u00e7\/Kapat\"><span class=\"ez-toc-js-icon-con\"><span class=\"\"><span class=\"eztoc-hide\" style=\"display:none;\">Toggle<\/span><span class=\"ez-toc-icon-toggle-span\"><svg style=\"fill: #999;color:#999\" xmlns=\"http:\/\/www.w3.org\/2000\/svg\" class=\"list-377408\" width=\"20px\" height=\"20px\" viewBox=\"0 0 24 24\" fill=\"none\"><path d=\"M6 6H4v2h2V6zm14 0H8v2h12V6zM4 11h2v2H4v-2zm16 0H8v2h12v-2zM4 16h2v2H4v-2zm16 0H8v2h12v-2z\" fill=\"currentColor\"><\/path><\/svg><svg style=\"fill: #999;color:#999\" class=\"arrow-unsorted-368013\" xmlns=\"http:\/\/www.w3.org\/2000\/svg\" width=\"10px\" height=\"10px\" viewBox=\"0 0 24 24\" version=\"1.2\" baseProfile=\"tiny\"><path d=\"M18.2 9.3l-6.2-6.3-6.2 6.3c-.2.2-.3.4-.3.7s.1.5.3.7c.2.2.4.3.7.3h11c.3 0 .5-.1.7-.3.2-.2.3-.5.3-.7s-.1-.5-.3-.7zM5.8 14.7l6.2 6.3 6.2-6.3c.2-.2.3-.5.3-.7s-.1-.5-.3-.7c-.2-.2-.4-.3-.7-.3h-11c-.3 0-.5.1-.7.3-.2.2-.3.5-.3.7s.1.5.3.7z\"\/><\/svg><\/span><\/span><\/span><\/a><\/span><\/div>\n<nav><ul class='ez-toc-list ez-toc-list-level-1 eztoc-toggle-hide-by-default' ><li class='ez-toc-page-1'><a class=\"ez-toc-link ez-toc-heading-1\" href=\"https:\/\/www.ozanseymen.com\/tr\/belirti-gostermeyen-hastalara-covid-19-teshisi-nasil-konuluyor\/#Solunum_Yollari_Salgilarindan_Virus_Tespiti_Yapilabiliyor\" >Solunum Yollar\u0131 Salg\u0131lar\u0131ndan Vir\u00fcs Tespiti Yap\u0131labiliyor<\/a><\/li><li class='ez-toc-page-1'><a class=\"ez-toc-link ez-toc-heading-2\" href=\"https:\/\/www.ozanseymen.com\/tr\/belirti-gostermeyen-hastalara-covid-19-teshisi-nasil-konuluyor\/#Yuksek_Ates_Hastalarin_80inde_Goruluyor\" >Y\u00fcksek Ate\u015f Hastalar\u0131n %80\u2019inde G\u00f6r\u00fcl\u00fcyor<\/a><\/li><li class='ez-toc-page-1'><a class=\"ez-toc-link ez-toc-heading-3\" href=\"https:\/\/www.ozanseymen.com\/tr\/belirti-gostermeyen-hastalara-covid-19-teshisi-nasil-konuluyor\/#Hastaneye_Basvuran_Bireylerde_Nasil_Bir_Yol_Izleniyor\" >Hastaneye Ba\u015fvuran Bireylerde Nas\u0131l Bir Yol \u0130zleniyor?<\/a><\/li><li class='ez-toc-page-1'><a class=\"ez-toc-link ez-toc-heading-4\" href=\"https:\/\/www.ozanseymen.com\/tr\/belirti-gostermeyen-hastalara-covid-19-teshisi-nasil-konuluyor\/#Ek_Hastaligi_Olan_Kisiler_Viruse_Karsi_Nasil_Korunmali\" >Ek Hastal\u0131\u011f\u0131 Olan Ki\u015filer Vir\u00fcse Kar\u015f\u0131 Nas\u0131l Korunmal\u0131<\/a><\/li><li class='ez-toc-page-1'><a class=\"ez-toc-link ez-toc-heading-5\" href=\"https:\/\/www.ozanseymen.com\/tr\/belirti-gostermeyen-hastalara-covid-19-teshisi-nasil-konuluyor\/#Ek_Vitaminlerin_Bagisikligi_Artirdigi_Ispatli_Degil\" >Ek Vitaminlerin Ba\u011f\u0131\u015f\u0131kl\u0131\u011f\u0131 Art\u0131rd\u0131\u011f\u0131 \u0130spatl\u0131 De\u011fil<\/a><\/li><\/ul><\/nav><\/div>\n<h2><span class=\"ez-toc-section\" id=\"Solunum_Yollari_Salgilarindan_Virus_Tespiti_Yapilabiliyor\"><\/span><strong>Solunum Yollar\u0131 Salg\u0131lar\u0131ndan Vir\u00fcs Tespiti Yap\u0131labiliyor<\/strong><span class=\"ez-toc-section-end\"><\/span><\/h2>\n<p><img loading=\"lazy\" decoding=\"async\" class=\"alignnone wp-image-1132\" src=\"https:\/\/www.ozanseymen.com\/tr\/wp-content\/uploads\/2025\/05\/belirti-gostermeyen-hastalara-covid-19-teshisi-nasil-konuluyor1-5000x4000.jpg\" alt=\"\" width=\"349\" height=\"279\" title=\"\"><\/p>\n<p><a href=\"https:\/\/www.sabah.com.tr\/saglik\/2020\/04\/07\/belirti-gostermeyen-hastalara-corona-virus-teshisi-nasil-konuluyor\" target=\"_blank\" rel=\"noopener\"><strong>COVID-19<\/strong><\/a> vir\u00fcs\u00fcn\u00fcn \u00e7\u0131k\u0131\u015f nedeninin tam olarak bilinemedi\u011fini ve ara\u015ft\u0131rmalar\u0131n devam etti\u011fini belirten KBB Hastal\u0131klar\u0131 Uzman\u0131 Prof. Dr. Ozan Seymen Sezen, \u015f\u00f6yle konu\u015ftu: \u201cCOVID-19, esas olarak damlac\u0131k yoluyla bula\u015fmaktad\u0131r. Hasta bireylerin, \u00f6ks\u00fcrme ve hap\u015f\u0131rma yoluyla ortaya sa\u00e7t\u0131klar\u0131 damlac\u0131klara di\u011fer ki\u015filerin elleri ile temas etmesi ve sonras\u0131nda bu ki\u015filerin ellerini; a\u011f\u0131z, burun ve g\u00f6zlerine s\u00fcrmesiyle vir\u00fcs bula\u015f\u0131yor.<\/p>\n<p>Belirti g\u00f6stermeyen hastalar\u0131n te\u015fhisi konusunda da a\u00e7\u0131klamalarda bulunan Prof. Dr. Ozan Seymen Sezen \u015funlar\u0131 kaydetti: \u201cKoronavir\u00fcs bulgular\u0131 ta\u015f\u0131mayan bireylerin solunum yollar\u0131 salg\u0131lar\u0131nda, vir\u00fcs tespit edilebilmektedir. Ancak esas bula\u015fma, bulgu g\u00f6steren hasta bireylerden olmaktad\u0131r. Hastal\u0131\u011f\u0131n ortaya \u00e7\u0131kmas\u0131ndan \u00f6nce bir bekleme s\u00fcresi vard\u0131r.<\/p>\n<p>Bu bekleme s\u00fcresi ortalama 5-6 g\u00fcnd\u00fcr. 2 ile 14 g\u00fcn aras\u0131nda olan olgular da vard\u0131r. Baz\u0131 olgularda ise s\u00fcre 14 g\u00fcne uzayabilmektedir.<\/p>\n<p>Bula\u015ft\u0131r\u0131c\u0131l\u0131k s\u00fcresi de kesin olarak bilinmemektedir. Yani hastada, hastal\u0131k belirtilerinin ortaya \u00e7\u0131kmas\u0131ndan 1-2 g\u00fcn \u00f6nce bula\u015ft\u0131r\u0131c\u0131l\u0131\u011f\u0131 ba\u015flay\u0131p, hastal\u0131k \u015fikayetlerinin ortadan kaybolmas\u0131yla bula\u015ft\u0131r\u0131c\u0131l\u0131\u011f\u0131n sona erdi\u011fine inan\u0131l\u0131yor.\u201d dedi.<\/p>\n<h2><span class=\"ez-toc-section\" id=\"Yuksek_Ates_Hastalarin_80inde_Goruluyor\"><\/span><strong>Y\u00fcksek Ate\u015f Hastalar\u0131n %80\u2019inde G\u00f6r\u00fcl\u00fcyor<\/strong><span class=\"ez-toc-section-end\"><\/span><\/h2>\n<p><img loading=\"lazy\" decoding=\"async\" class=\"alignnone wp-image-1133\" src=\"https:\/\/www.ozanseymen.com\/tr\/wp-content\/uploads\/2025\/05\/belirti-gostermeyen-hastalara-covid-19-teshisi-nasil-konuluyor2-scaled.jpg\" alt=\"\" width=\"486\" height=\"243\" title=\"\" srcset=\"https:\/\/www.ozanseymen.com\/tr\/wp-content\/uploads\/2025\/05\/belirti-gostermeyen-hastalara-covid-19-teshisi-nasil-konuluyor2-scaled.jpg 2560w, https:\/\/www.ozanseymen.com\/tr\/wp-content\/uploads\/2025\/05\/belirti-gostermeyen-hastalara-covid-19-teshisi-nasil-konuluyor2-300x150.jpg 300w, https:\/\/www.ozanseymen.com\/tr\/wp-content\/uploads\/2025\/05\/belirti-gostermeyen-hastalara-covid-19-teshisi-nasil-konuluyor2-1024x512.jpg 1024w, https:\/\/www.ozanseymen.com\/tr\/wp-content\/uploads\/2025\/05\/belirti-gostermeyen-hastalara-covid-19-teshisi-nasil-konuluyor2-768x384.jpg 768w, https:\/\/www.ozanseymen.com\/tr\/wp-content\/uploads\/2025\/05\/belirti-gostermeyen-hastalara-covid-19-teshisi-nasil-konuluyor2-1536x768.jpg 1536w, https:\/\/www.ozanseymen.com\/tr\/wp-content\/uploads\/2025\/05\/belirti-gostermeyen-hastalara-covid-19-teshisi-nasil-konuluyor2-2048x1024.jpg 2048w\" sizes=\"auto, (max-width: 486px) 100vw, 486px\" \/><\/p>\n<p>Vir\u00fcs\u00fcn s\u0131k g\u00f6r\u00fclen semptomlar\u0131ndan bahseden Prof. Dr. Ozan Seymen Sezen, semptomlar\u0131 \u015fu \u015fekilde s\u0131ralad\u0131: \u201c\u00c7o\u011funlukla \u00fcst &#8211; alt solunum yolu, mide ve ba\u011f\u0131rsak sistemi bulgular\u0131 ile ortaya \u00e7\u0131kan hastal\u0131kta en s\u0131k g\u00f6r\u00fclen \u015fikayet y\u00fcksek ate\u015ftir. Bu en temel bulgudur. Y\u00fcksek ate\u015f, yakla\u015f\u0131k olarak hastalar\u0131n % 80 ile 90\u2019\u0131nda mevcuttur. Bunun yan\u0131 s\u0131ra kuru \u00f6ks\u00fcr\u00fck, halsizlik, balgam \u00e7\u0131karma, nefes darl\u0131\u011f\u0131, nefes alma zorlu\u011fu ve burun t\u0131kan\u0131kl\u0131\u011f\u0131 gibi bulgular g\u00f6r\u00fclebiliyor.<\/p>\n<p>\u00d6ks\u00fcr\u00fck, hastalar\u0131n %65 ile 70\u2019inde g\u00f6r\u00fcl\u00fcrken, nefes darl\u0131\u011f\u0131 hastalar\u0131n %18 ile %20\u2019sinde g\u00f6r\u00fcl\u00fcyor.<\/p>\n<p>Nadir olarak bulant\u0131, kusma ve ishal ise hastalar\u0131n %3 ile %4\u2019\u00fcnde g\u00f6r\u00fclebiliyor. Hastal\u0131k a\u011f\u0131rla\u015f\u0131rsa, akut solunum g\u00fc\u00e7l\u00fc\u011f\u00fc, kalp kas\u0131n\u0131n tutuldu\u011fu durumlar ve b\u00f6brek yetmezli\u011fi gibi hastal\u0131klar\u0131n yaratt\u0131\u011f\u0131 klinik tablolar da koronavir\u00fcs salg\u0131n\u0131na ekleniyor.<\/p>\n<h3><span class=\"ez-toc-section\" id=\"Hastaneye_Basvuran_Bireylerde_Nasil_Bir_Yol_Izleniyor\"><\/span><strong>Hastaneye Ba\u015fvuran Bireylerde Nas\u0131l Bir Yol \u0130zleniyor?<\/strong><span class=\"ez-toc-section-end\"><\/span><\/h3>\n<p>Hastaneye ba\u015fvuran hastalar\u0131n hangi s\u00fcre\u00e7lerden ge\u00e7ti\u011fi konusunda a\u00e7\u0131klamalarda bulunan Ozan Seymen Sezen, \u015funlara de\u011findi: \u201cBireylere \u00f6ncelikle ate\u015f veya ate\u015f \u00f6yk\u00fcn\u00fcz var m\u0131? diye soruyoruz. \u0130kinci sorumuz, \u00f6ks\u00fcr\u00fc\u011f\u00fcn olup olmad\u0131\u011f\u0131, \u00fc\u00e7\u00fcnc\u00fc sorumuz ise nefes almakta g\u00fc\u00e7l\u00fck \u00e7ekiyor musunuz? oluyor.<\/p>\n<p>Bu sorulardan herhangi birine evet yan\u0131t\u0131 veriyorsan\u0131z, sizi hastanede maske tak\u0131p COVID ile ilgili alana al\u0131yoruz. E\u011fer bu sorulardan herhangi birine yan\u0131t\u0131n\u0131z evet ise ve evdeyseniz, en yak\u0131n pandemi hastanesine ba\u015fvurabilirsiniz.<\/p>\n<p>E\u011fer bu sorulara yan\u0131t\u0131n\u0131z hay\u0131r ise, o zaman ikinci sorgulama formuna ge\u00e7memiz gerekir. Burada hastaya ilk olarak, \u201cSon 14 g\u00fcn i\u00e7erisinde yurt d\u0131\u015f\u0131nda bulundunuz mu?\u201d sorusunu y\u00f6neltiyoruz. \u0130kinci sorumuzu ise, \u201cEv halk\u0131ndan herhangi biri, son 14 g\u00fcn i\u00e7erisinde yurt d\u0131\u015f\u0131ndan geldi mi?\u201d sorusu oluyor. \u00dc\u00e7\u00fcnc\u00fc sorumuz ise, \u201cYak\u0131nlar\u0131n\u0131zdan herhangi biri son 14 g\u00fcn i\u00e7erisinde solunum yolu sorunlar\u0131yla ilgili hastaneye yatt\u0131 m\u0131?\u201d oluyor.<\/p>\n<p>Son olarak da, \u201cYine son 14 g\u00fcn i\u00e7erisinde yak\u0131nlar\u0131n\u0131zdan herhangi biri COVID-19 oldu mu?\u201d diye soruyoruz. Bu d\u00f6rt soruya \u201cEvet\u201d ya da \u201cHay\u0131r\u201d yan\u0131t\u0131n\u0131 al\u0131yoruz.\u00a0E\u011fer bu ikinci sorgulamadaki 4 soruya da hay\u0131r yan\u0131t\u0131n\u0131 verirseniz, koronavir\u00fcs a\u00e7\u0131s\u0131ndan d\u00fc\u015f\u00fck risklisiniz demektir.<\/p>\n<p>COVID-19 haricinde herhangi bir rahats\u0131zl\u0131\u011f\u0131n\u0131z olmas\u0131 halinde, durumun aciliyetine g\u00f6re evde kalabilirsiniz, erteleyebilirsiniz ya da daha az yo\u011fun pandemi hastanesi olmayan bir sa\u011fl\u0131k kurulu\u015funa ba\u015fvurabilirsiniz. Ancak bu sorulardan herhangi birine \u201cEvet\u201d yan\u0131t\u0131n\u0131 veriyorsan\u0131z, maske takarak Pandemi hastanelerinden birine ba\u015fvurabilirsiniz.<\/p>\n<h3><span class=\"ez-toc-section\" id=\"Ek_Hastaligi_Olan_Kisiler_Viruse_Karsi_Nasil_Korunmali\"><\/span><strong>Ek Hastal\u0131\u011f\u0131 Olan Ki\u015filer Vir\u00fcse Kar\u015f\u0131 Nas\u0131l Korunmal\u0131<\/strong><span class=\"ez-toc-section-end\"><\/span><\/h3>\n<p>E\u011fer bireylerin ek bir hastal\u0131klar\u0131 varsa, \u00f6ncelikle var olan ila\u00e7lar\u0131n\u0131 d\u00fczenli bir \u015fekilde kullanmalar\u0131 gerekti\u011fini dile getiren Sezen, \u201cBiz g\u00fcnl\u00fck prati\u011fimizde \u015funu \u00e7ok s\u0131k\u00a0g\u00f6r\u00fcyoruz. Hastam\u0131z tansiyon hastas\u0131, ilac\u0131n\u0131 d\u00fczensiz kulland\u0131\u011f\u0131 i\u00e7in ilac\u0131n\u0131 almad\u0131\u011f\u0131 i\u00e7in ya da ilac\u0131 yetersiz geldi\u011fi i\u00e7in tansiyon hastal\u0131\u011f\u0131 \u00e7ok d\u00fczenli seyretmiyor yani yine y\u00fcksek tansiyon devam ediyor. Ayn\u0131 durum, \u015feker hastalar\u0131 ve di\u011fer hastal\u0131klara sahip olan bireyler i\u00e7in de ge\u00e7erlidir. Hastalar\u0131m\u0131z, ila\u00e7lar\u0131n\u0131 kullanmada titiz davranmal\u0131, tansiyon ve \u015fekerlerini istenilen d\u00fczeyde\u00a0korumal\u0131d\u0131r.\u201d dedi.<\/p>\n<h3><span class=\"ez-toc-section\" id=\"Ek_Vitaminlerin_Bagisikligi_Artirdigi_Ispatli_Degil\"><\/span><strong>Ek Vitaminlerin Ba\u011f\u0131\u015f\u0131kl\u0131\u011f\u0131 Art\u0131rd\u0131\u011f\u0131 \u0130spatl\u0131 De\u011fil<\/strong><span class=\"ez-toc-section-end\"><\/span><\/h3>\n<p><img loading=\"lazy\" decoding=\"async\" class=\"alignnone size-full wp-image-1134\" src=\"https:\/\/www.ozanseymen.com\/tr\/wp-content\/uploads\/2025\/05\/belirti-gostermeyen-hastalara-covid-19-teshisi-nasil-konuluyor3.webp\" alt=\"\" width=\"760\" height=\"450\" title=\"\" srcset=\"https:\/\/www.ozanseymen.com\/tr\/wp-content\/uploads\/2025\/05\/belirti-gostermeyen-hastalara-covid-19-teshisi-nasil-konuluyor3.webp 760w, https:\/\/www.ozanseymen.com\/tr\/wp-content\/uploads\/2025\/05\/belirti-gostermeyen-hastalara-covid-19-teshisi-nasil-konuluyor3-300x178.webp 300w\" sizes=\"auto, (max-width: 760px) 100vw, 760px\" \/><\/p>\n<p>Ek vitamin ya da katk\u0131 maddesi alman\u0131n tamamen iste\u011fe ba\u011fl\u0131 bir durum oldu\u011funu belirten Sezen, \u201dG\u00fcn\u00fcm\u00fczde kesin olarak kan\u0131tlanm\u0131\u015f, ba\u011f\u0131\u015f\u0131kl\u0131\u011f\u0131 art\u0131r\u0131c\u0131 herhangi bir vitamin, herhangi bir ek katk\u0131 maddesi yoktur. Bu konudaki tek istisna C vitaminidir.\u00a0C vitamininin ba\u011f\u0131\u015f\u0131kl\u0131\u011f\u0131 art\u0131r\u0131c\u0131 \u00f6zelli\u011finin oldu\u011funa dair birtak\u0131m bulgular mevcuttur.<\/p>\n<p>Bunlar d\u0131\u015f\u0131nda ba\u011f\u0131\u015f\u0131kl\u0131\u011f\u0131 art\u0131racak en iyi durum, stresten, stresli ortamlardan ve d\u00fc\u015f\u00fcncelerden olabildi\u011fince uzak durmaya \u00e7al\u0131\u015fmakt\u0131r.<\/p>\n<p>Stres ba\u011f\u0131\u015f\u0131kl\u0131k sistemini \u00e7\u00f6kerten ciddi bir fakt\u00f6rd\u00fcr. Ba\u011f\u0131\u015f\u0131kl\u0131\u011f\u0131 korumak ve art\u0131rmak ad\u0131na g\u0131da t\u00fcketimi de \u00e7ok \u00f6nemlidir. Ba\u011f\u0131\u015f\u0131kl\u0131\u011f\u0131\u00a0art\u0131rmak i\u00e7in iyi y\u0131kanm\u0131\u015f taze meyve ve sebzeleri t\u00fcketmek yararl\u0131 olacakt\u0131r.<\/p>\n<p>T\u00fcrkiye\u2019de ba\u011f\u0131\u015f\u0131kl\u0131\u011f\u0131 d\u00fc\u015f\u00fcren en b\u00fcy\u00fck problemlerin ba\u015f\u0131nda yeterince uyumaman\u0131n ve yeterince dinlenmemenin geldi\u011fini d\u00fc\u015f\u00fcn\u00fcyorum. Bug\u00fcnlerde\u00a0en az 7-8 saatlik uykumuzu almal\u0131y\u0131z. D\u00fczenli ve yeterli uyku ba\u011f\u0131\u015f\u0131kl\u0131\u011f\u0131m\u0131z\u0131 art\u0131rmam\u0131z a\u00e7\u0131s\u0131ndan olduk\u00e7a \u00f6nemlidir.\u201d diye konu\u015ftu.<\/p>\n","protected":false},"excerpt":{"rendered":"<p>K\u00fcresel salg\u0131n koranavir\u00fcs (COVID-19) g\u00fcnl\u00fck hayat\u0131m\u0131z\u0131, d\u00fcnyadaki ekonomik ve sosyal sistemi alt\u00fcst etmi\u015f durumda.\u00a0D\u00fcnyan\u0131n b\u00fcy\u00fck bir k\u0131sm\u0131n\u0131 etkisi alt\u0131na alan COVID-19 vir\u00fcs\u00fc binlerce insan\u0131n da ya\u015fam\u0131n\u0131 yitirmesine yol a\u00e7t\u0131. COVID-19 belirtisi g\u00f6stermeyen hastalar\u0131n te\u015fhisi nas\u0131l konuyor? Vir\u00fcs bulgular\u0131 tespit edilen hastalar hangi s\u00fcre\u00e7lerden ge\u00e7iyor? Ek hastal\u0131klar\u0131 olan ki\u015filer vir\u00fcse kar\u015f\u0131 nas\u0131l korunacak? Ek vitaminler ba\u011f\u0131\u015f\u0131kl\u0131\u011f\u0131m\u0131z\u0131 [&hellip;]<\/p>\n","protected":false},"author":1,"featured_media":1131,"comment_status":"closed","ping_status":"closed","sticky":false,"template":"","format":"standard","meta":{"footnotes":""},"categories":[2],"tags":[],"class_list":["post-1130","post","type-post","status-publish","format-standard","has-post-thumbnail","hentry","category-blog"],"_links":{"self":[{"href":"https:\/\/www.ozanseymen.com\/tr\/wp-json\/wp\/v2\/posts\/1130","targetHints":{"allow":["GET"]}}],"collection":[{"href":"https:\/\/www.ozanseymen.com\/tr\/wp-json\/wp\/v2\/posts"}],"about":[{"href":"https:\/\/www.ozanseymen.com\/tr\/wp-json\/wp\/v2\/types\/post"}],"author":[{"embeddable":true,"href":"https:\/\/www.ozanseymen.com\/tr\/wp-json\/wp\/v2\/users\/1"}],"replies":[{"embeddable":true,"href":"https:\/\/www.ozanseymen.com\/tr\/wp-json\/wp\/v2\/comments?post=1130"}],"version-history":[{"count":4,"href":"https:\/\/www.ozanseymen.com\/tr\/wp-json\/wp\/v2\/posts\/1130\/revisions"}],"predecessor-version":[{"id":1464,"href":"https:\/\/www.ozanseymen.com\/tr\/wp-json\/wp\/v2\/posts\/1130\/revisions\/1464"}],"wp:featuredmedia":[{"embeddable":true,"href":"https:\/\/www.ozanseymen.com\/tr\/wp-json\/wp\/v2\/media\/1131"}],"wp:attachment":[{"href":"https:\/\/www.ozanseymen.com\/tr\/wp-json\/wp\/v2\/media?parent=1130"}],"wp:term":[{"taxonomy":"category","embeddable":true,"href":"https:\/\/www.ozanseymen.com\/tr\/wp-json\/wp\/v2\/categories?post=1130"},{"taxonomy":"post_tag","embeddable":true,"href":"https:\/\/www.ozanseymen.com\/tr\/wp-json\/wp\/v2\/tags?post=1130"}],"curies":[{"name":"wp","href":"https:\/\/api.w.org\/{rel}","templated":true}]}}