{"id":1103,"date":"2025-05-27T11:49:08","date_gmt":"2025-05-27T08:49:08","guid":{"rendered":"https:\/\/www.ozanseymen.com\/tr\/?p=1103"},"modified":"2025-09-30T01:29:37","modified_gmt":"2025-09-29T22:29:37","slug":"burundan-nefes-alamazsak-neler-olur","status":"publish","type":"post","link":"https:\/\/www.ozanseymen.com\/tr\/burundan-nefes-alamazsak-neler-olur\/","title":{"rendered":"Burundan Nefes Alamazsak Neler Olur?"},"content":{"rendered":"<p><strong><a href=\"https:\/\/www.ozanseymen.com\/tr\/burundan-nefes-alamazsak-neler-olur\/\">Burundan Nefes Alamazsak Neler Olur?<\/a> : Nefes almak, ki\u015finin ya\u015fam\u0131n\u0131 s\u00fcrd\u00fcrebilmesi i\u00e7in en temel ihtiya\u00e7lar\u0131n ba\u015f\u0131nda geliyor. Kaliteli nefes, kaliteli ya\u015fam demektir. Peki burundan sa\u011fl\u0131kl\u0131 nefes alamama problemi nelere sebep olur? Organlar\u0131m\u0131z\u0131n i\u015flevini nas\u0131l etkiler?<\/strong><\/p>\n<p>KBB Hastal\u0131klar\u0131 Uzman\u0131 <strong>Prof. Dr. Ozan Seymen Sezen<\/strong>, konuyla ilgili \u00e7e\u015fitli bilgiler vererek, merak edilen t\u00fcm detaylar\u0131 a\u00e7\u0131klad\u0131.<\/p>\n<div id=\"ez-toc-container\" class=\"ez-toc-v2_0_82_2 counter-flat ez-toc-counter ez-toc-grey ez-toc-container-direction\">\n<div class=\"ez-toc-title-container\">\n<p class=\"ez-toc-title\" style=\"cursor:inherit\">\u0130\u00e7indekiler<\/p>\n<span class=\"ez-toc-title-toggle\"><a href=\"#\" class=\"ez-toc-pull-right ez-toc-btn ez-toc-btn-xs ez-toc-btn-default ez-toc-toggle\" aria-label=\"\u0130\u00e7indekiler Tablosunu A\u00e7\/Kapat\"><span class=\"ez-toc-js-icon-con\"><span class=\"\"><span class=\"eztoc-hide\" style=\"display:none;\">Toggle<\/span><span class=\"ez-toc-icon-toggle-span\"><svg style=\"fill: #999;color:#999\" xmlns=\"http:\/\/www.w3.org\/2000\/svg\" class=\"list-377408\" width=\"20px\" height=\"20px\" viewBox=\"0 0 24 24\" fill=\"none\"><path d=\"M6 6H4v2h2V6zm14 0H8v2h12V6zM4 11h2v2H4v-2zm16 0H8v2h12v-2zM4 16h2v2H4v-2zm16 0H8v2h12v-2z\" fill=\"currentColor\"><\/path><\/svg><svg style=\"fill: #999;color:#999\" class=\"arrow-unsorted-368013\" xmlns=\"http:\/\/www.w3.org\/2000\/svg\" width=\"10px\" height=\"10px\" viewBox=\"0 0 24 24\" version=\"1.2\" baseProfile=\"tiny\"><path d=\"M18.2 9.3l-6.2-6.3-6.2 6.3c-.2.2-.3.4-.3.7s.1.5.3.7c.2.2.4.3.7.3h11c.3 0 .5-.1.7-.3.2-.2.3-.5.3-.7s-.1-.5-.3-.7zM5.8 14.7l6.2 6.3 6.2-6.3c.2-.2.3-.5.3-.7s-.1-.5-.3-.7c-.2-.2-.4-.3-.7-.3h-11c-.3 0-.5.1-.7.3-.2.2-.3.5-.3.7s.1.5.3.7z\"\/><\/svg><\/span><\/span><\/span><\/a><\/span><\/div>\n<nav><ul class='ez-toc-list ez-toc-list-level-1 eztoc-toggle-hide-by-default' ><li class='ez-toc-page-1'><a class=\"ez-toc-link ez-toc-heading-1\" href=\"https:\/\/www.ozanseymen.com\/tr\/burundan-nefes-alamazsak-neler-olur\/#Burun_Suzme_Organidir%E2%80%A6\" >Burun S\u00fczme Organ\u0131d\u0131r\u2026<\/a><\/li><li class='ez-toc-page-1'><a class=\"ez-toc-link ez-toc-heading-2\" href=\"https:\/\/www.ozanseymen.com\/tr\/burundan-nefes-alamazsak-neler-olur\/#Kandaki_Oksijen_Orani_Dusuyor\" >Kandaki Oksijen Oran\u0131 D\u00fc\u015f\u00fcyor!<\/a><\/li><li class='ez-toc-page-1'><a class=\"ez-toc-link ez-toc-heading-3\" href=\"https:\/\/www.ozanseymen.com\/tr\/burundan-nefes-alamazsak-neler-olur\/#Akciger_ve_Kalp_Fazla_Calismak_Zorunda_Kaliyor\" >Akci\u011fer ve Kalp Fazla \u00c7al\u0131\u015fmak Zorunda Kal\u0131yor<\/a><\/li><li class='ez-toc-page-1'><a class=\"ez-toc-link ez-toc-heading-4\" href=\"https:\/\/www.ozanseymen.com\/tr\/burundan-nefes-alamazsak-neler-olur\/#Performans_Dusuyor_Yorgunluk_Artiyor\" >Performans D\u00fc\u015f\u00fcyor, Yorgunluk Art\u0131yor<\/a><\/li><li class='ez-toc-page-1'><a class=\"ez-toc-link ez-toc-heading-5\" href=\"https:\/\/www.ozanseymen.com\/tr\/burundan-nefes-alamazsak-neler-olur\/#Horlamanin_Nedeni_de_Olabilir%E2%80%A6\" >Horlaman\u0131n Nedeni de Olabilir\u2026<\/a><\/li><li class='ez-toc-page-1'><a class=\"ez-toc-link ez-toc-heading-6\" href=\"https:\/\/www.ozanseymen.com\/tr\/burundan-nefes-alamazsak-neler-olur\/#Bas_Agrisi_ve_Sinuzit\" >Ba\u015f A\u011fr\u0131s\u0131 ve Sin\u00fczit<\/a><\/li><li class='ez-toc-page-1'><a class=\"ez-toc-link ez-toc-heading-7\" href=\"https:\/\/www.ozanseymen.com\/tr\/burundan-nefes-alamazsak-neler-olur\/#Ciddi_Kanamalara_Yol_Acabiliyor\" >Ciddi Kanamalara Yol A\u00e7abiliyor<\/a><\/li><li class='ez-toc-page-1'><a class=\"ez-toc-link ez-toc-heading-8\" href=\"https:\/\/www.ozanseymen.com\/tr\/burundan-nefes-alamazsak-neler-olur\/#Cocuk_Yapmayi_Dusunenler_Dikkat\" >\u00c7ocuk Yapmay\u0131 D\u00fc\u015f\u00fcnenler Dikkat!<\/a><\/li><li class='ez-toc-page-1'><a class=\"ez-toc-link ez-toc-heading-9\" href=\"https:\/\/www.ozanseymen.com\/tr\/burundan-nefes-alamazsak-neler-olur\/#Genc_Yasta_Fark_Edilemeyebilir%E2%80%A6\" >Gen\u00e7 Ya\u015fta Fark Edilemeyebilir\u2026<\/a><\/li><\/ul><\/nav><\/div>\n<h2><span class=\"ez-toc-section\" id=\"Burun_Suzme_Organidir%E2%80%A6\"><\/span><strong>Burun S\u00fczme Organ\u0131d\u0131r\u2026<\/strong><span class=\"ez-toc-section-end\"><\/span><\/h2>\n<p>KBB Hastal\u0131klar\u0131 Uzman\u0131 Prof. Dr. Ozan Seymen Sezen, \u201cBurun; yap\u0131 itibariyle, al\u0131nan havay\u0131 daha uygun ko\u015fullara getirerek akci\u011ferlerimize ula\u015fmas\u0131n\u0131 sa\u011flar. Asl\u0131na bakarsan\u0131z burun, bir nevi rezistans s\u00fczme organ\u0131d\u0131r. Havan\u0131n belirli bir s\u00fcre burnumuzun i\u00e7erisinde vakit ge\u00e7irmesini sa\u011flamak i\u00e7in tasarlanm\u0131\u015f bir organd\u0131r.<\/p>\n<p>Bu sayede ald\u0131\u011f\u0131m\u0131z hava, belirli bir s\u00fcre burun i\u00e7inde kalarak, b\u00fcy\u00fck partik\u00fcllerden, tozlardan ve zararl\u0131 maddelerden ar\u0131nd\u0131r\u0131l\u0131r. Ayn\u0131 \u015fekilde mikroplardan da temizlenmesi sa\u011flan\u0131r. Hava, burun i\u00e7inde ayn\u0131 \u015fekilde ge\u00e7irdi\u011fi vakit s\u00fcresince \u0131s\u0131t\u0131l\u0131r, nemlendirilir ve daha uygun bir \u015fekilde akci\u011ferlere gitmesi sa\u011flan\u0131r.\u201d dedi.<\/p>\n<p>Di\u011fer yaz\u0131m\u0131z olan <a href=\"https:\/\/www.ozanseymen.com\/tr\/burun-estetigi-fiyatlari\/\">Burun esteti\u011fi fiyatlar\u0131<\/a>\u00a0ameliyat\u0131 ile ilgili bilgi almak i\u00e7in bu sayfadan ula\u015fabilirsiniz.<\/p>\n<h2><span class=\"ez-toc-section\" id=\"Kandaki_Oksijen_Orani_Dusuyor\"><\/span><strong>Kandaki Oksijen Oran\u0131 D\u00fc\u015f\u00fcyor!<\/strong><span class=\"ez-toc-section-end\"><\/span><\/h2>\n<p>Ozan Seymen Sezen, \u201cPeki, burundan nefes almad\u0131\u011f\u0131m\u0131z takdirde ne olur?\u201d diye soracak olursan\u0131z, size birden fazla konuda a\u00e7\u0131klama yapabilirim.<\/p>\n<p>Bu konuyla ilgili yap\u0131lm\u0131\u015f \u00e7ok \u00e7arp\u0131c\u0131 \u00e7al\u0131\u015fmalar var. Eski d\u00f6nemlerde <strong>burun ameliyatlar\u0131<\/strong>nda, hastalara klasik bez tampon uygulamalar\u0131 yap\u0131l\u0131rd\u0131. \u0130ki burun deli\u011fine konulan bu tamponlar, nefes al\u0131\u015fveri\u015fine izin vermezdi ve burun 2-3 g\u00fcn kadar t\u0131kal\u0131 kal\u0131rd\u0131.<\/p>\n<p>Bir ara\u015ft\u0131rmada, bu klasik burun tamponu uygulanm\u0131\u015f hastalar\u0131n kanlar\u0131ndaki oksijen de\u011ferleri \u00f6l\u00e7\u00fclm\u00fc\u015f. Burnundan nefes alabilen, sa\u011fl\u0131kl\u0131 bir insanda %97-100 aral\u0131\u011f\u0131nda olan kan sat\u00fcrasyonunun, burnu t\u0131kal\u0131 olan ki\u015filerde %70\u2019lere kadar d\u00fc\u015ft\u00fc\u011f\u00fc tespit edilmi\u015ftir.\u201d dedi.<\/p>\n<h3><span class=\"ez-toc-section\" id=\"Akciger_ve_Kalp_Fazla_Calismak_Zorunda_Kaliyor\"><\/span><strong>Akci\u011fer ve Kalp Fazla \u00c7al\u0131\u015fmak Zorunda Kal\u0131yor<\/strong><span class=\"ez-toc-section-end\"><\/span><\/h3>\n<h3><strong style=\"font-size: 16px;\"><img loading=\"lazy\" decoding=\"async\" class=\"alignnone wp-image-1104\" src=\"https:\/\/www.ozanseymen.com\/tr\/wp-content\/uploads\/2025\/05\/akcigerlerde-5000x3840.jpg\" alt=\"\" width=\"480\" height=\"369\" title=\"\"><\/strong><\/h3>\n<p>Sezen, \u201cKandaki oksijen seviyesi %70\u2019lere d\u00fc\u015fen bir ki\u015finin dokular\u0131na %30 daha az oksijen gider. Bu az oksijeni dengelemek i\u00e7in v\u00fccut, kalbi ve akci\u011ferleri daha fazla \u00e7al\u0131\u015ft\u0131r\u0131r. Nab\u0131z h\u0131zlan\u0131r, tansiyon y\u00fckselir. Ki\u015fi daha s\u0131k nefes al\u0131p verme ihtiyac\u0131 duyar.<\/p>\n<p><a href=\"https:\/\/www.ozanseymen.com\/tr\/burun-eti-buyumesi-ve-burun-tikanikligi\/\"><strong>Burun t\u0131kan\u0131kl\u0131klar\u0131<\/strong><\/a>, her zaman bu kadar \u015fiddetli olmayabilir fakat yine de ciddi burun t\u0131kan\u0131kl\u0131klar\u0131nda kandaki oksijen sat\u00fcrasyonunun d\u00fc\u015fece\u011fini ve daha sa\u011fl\u0131ks\u0131z bir ya\u015fam s\u00fcr\u00fclece\u011fini de unutmamak gerekiyor.\u201d a\u00e7\u0131klamas\u0131nda bulundu.<\/p>\n<h3><span class=\"ez-toc-section\" id=\"Performans_Dusuyor_Yorgunluk_Artiyor\"><\/span><strong>Performans D\u00fc\u015f\u00fcyor, Yorgunluk Art\u0131yor<\/strong><span class=\"ez-toc-section-end\"><\/span><\/h3>\n<p>Prof. Dr. Ozan Seymen Sezen, \u201cBurun t\u0131kan\u0131kl\u0131\u011f\u0131 olan insanlar\u0131n, fiziksel performanslar\u0131nda yani kondisyonlar\u0131nda bir d\u00fc\u015fme meydana gelir. Spor aktivitelerinde, g\u00fcnl\u00fck hayatta daha \u00e7abuk yorulurlar, adeta nefes nefese kal\u0131rlar.<\/p>\n<p>Burnu s\u00fcrekli t\u0131kal\u0131 olan hastalar, a\u011f\u0131zlar\u0131ndan nefes ald\u0131klar\u0131 i\u00e7in a\u011f\u0131z kurulu\u011fu sorunu ya\u015farlar. T\u0131kan\u0131kl\u0131k s\u0131v\u0131 kayb\u0131na, \u00f6zellikle geceleri su kayb\u0131na yol a\u00e7t\u0131\u011f\u0131 i\u00e7in ki\u015filer daha \u00e7ok su i\u00e7me ihtiyac\u0131 hissedebilirler. A\u011f\u0131zdan nefes al\u0131m\u0131 nedeniyle baz\u0131 partik\u00fcller temizlenmedi\u011fi i\u00e7in daha s\u0131k hastalanma, yine akci\u011ferlerine daha zararl\u0131 partik\u00fcllerin ka\u00e7mas\u0131 gibi baz\u0131 durumlar g\u00f6r\u00fclebilir.\u201d s\u00f6zlerini ifade etti.<\/p>\n<h3><span class=\"ez-toc-section\" id=\"Horlamanin_Nedeni_de_Olabilir%E2%80%A6\"><\/span><strong>Horlaman\u0131n Nedeni de Olabilir\u2026<\/strong><span class=\"ez-toc-section-end\"><\/span><\/h3>\n<h3><strong><img loading=\"lazy\" decoding=\"async\" class=\"alignnone wp-image-1105\" src=\"https:\/\/www.ozanseymen.com\/tr\/wp-content\/uploads\/2025\/05\/horlamaveuykuapnesi-5000x5000.jpg\" alt=\"\" width=\"476\" height=\"476\" title=\"\" srcset=\"https:\/\/www.ozanseymen.com\/tr\/wp-content\/uploads\/2025\/05\/horlamaveuykuapnesi-5000x5000.jpg 5000w, https:\/\/www.ozanseymen.com\/tr\/wp-content\/uploads\/2025\/05\/horlamaveuykuapnesi-150x150.jpg 150w, https:\/\/www.ozanseymen.com\/tr\/wp-content\/uploads\/2025\/05\/horlamaveuykuapnesi-90x90.jpg 90w, https:\/\/www.ozanseymen.com\/tr\/wp-content\/uploads\/2025\/05\/horlamaveuykuapnesi-100x100.jpg 100w, https:\/\/www.ozanseymen.com\/tr\/wp-content\/uploads\/2025\/05\/horlamaveuykuapnesi-300x300.jpg 300w\" sizes=\"auto, (max-width: 476px) 100vw, 476px\" \/><\/strong><\/h3>\n<p>\u201cBurun t\u0131kan\u0131kl\u0131\u011f\u0131 horlamaya da sebep olabilir\u201d yorumunda bulunan Sezen, \u201c<a href=\"https:\/\/www.ozanseymen.com\/tr\/horlama-ve-uyku-apnesi\/\"><strong>Horlama problemleri<\/strong><\/a>nin y\u00fczde y\u00fcz\u00fc burun t\u0131kan\u0131kl\u0131\u011f\u0131 ile alakal\u0131 olmasa da, horlayan bir hasta geldi\u011finde \u00f6nce burun t\u0131kan\u0131kl\u0131\u011f\u0131 olup olmad\u0131\u011f\u0131 ara\u015ft\u0131r\u0131l\u0131r ve burun t\u0131kan\u0131kl\u0131\u011f\u0131 varsa bu sorunun \u00e7\u00f6z\u00fcm\u00fc i\u00e7in \u00e7al\u0131\u015f\u0131l\u0131r. E\u011fer bir hasta, burun t\u0131kan\u0131kl\u0131\u011f\u0131 sebebiyle horluyorsa, sabahlar\u0131 yorgun uyanma ve g\u00fcn i\u00e7erisinde yorgunluk, uyuklama gibi durumlara maruz kalabilir. Bu durum da performansta d\u00fc\u015f\u00fc\u015fe ve g\u00fcn i\u00e7inde yap\u0131lan i\u015fin kalitesinin d\u00fc\u015fmesinde b\u00fcy\u00fck etkilere yol a\u00e7ar.\u201d dedi.<\/p>\n<h3><span class=\"ez-toc-section\" id=\"Bas_Agrisi_ve_Sinuzit\"><\/span><strong>Ba\u015f A\u011fr\u0131s\u0131 ve Sin\u00fczit<\/strong><span class=\"ez-toc-section-end\"><\/span><\/h3>\n<p>Sezen, \u201cBurun t\u0131kan\u0131kl\u0131\u011f\u0131 olan hastalar\u0131n \u00f6nemli bir k\u0131sm\u0131nda ba\u015f a\u011fr\u0131lar\u0131 (sin\u00fczitleri olsun ya da olmas\u0131n) g\u00f6r\u00fclebilen bir durumdur. Burun t\u0131kan\u0131kl\u0131klar\u0131 \u00e7\u00f6z\u00fcld\u00fc\u011f\u00fcnde hastalar\u0131n ba\u015f a\u011fr\u0131lar\u0131n\u0131n \u00f6nemli bir k\u0131sm\u0131n\u0131n ge\u00e7ti\u011fi tespit edilmi\u015ftir. Burun t\u0131kan\u0131kl\u0131\u011f\u0131 olan ki\u015filerde, burun k\u0131k\u0131rda\u011f\u0131 e\u011frili\u011fi veya burundaki poliplere ba\u011fl\u0131 olarak sin\u00fczitler de \u00e7ok s\u0131k kar\u015f\u0131m\u0131za \u00e7\u0131kan durumlard\u0131r.\u201d dedi.<\/p>\n<h3><span class=\"ez-toc-section\" id=\"Ciddi_Kanamalara_Yol_Acabiliyor\"><\/span><strong>Ciddi Kanamalara Yol A\u00e7abiliyor<\/strong><span class=\"ez-toc-section-end\"><\/span><\/h3>\n<p><strong>Ozan Seymen Sezen<\/strong>, \u201cBurun t\u0131kan\u0131kl\u0131\u011f\u0131 olan ki\u015filerde, \u00f6zellikle burun k\u0131k\u0131rda\u011f\u0131 e\u011frili\u011fi olanlarda s\u0131k g\u00f6r\u00fclen bir di\u011fer durum da burun kanamalar\u0131d\u0131r. Burun kanamalar\u0131, genellikle ciddi hayati tehlikeye yol a\u00e7mazlar fakat \u00e7ok can s\u0131k\u0131c\u0131 olabilirler. Kanaman\u0131n durmas\u0131 i\u00e7in tampon uygulamalar\u0131 gerekebilir. \u0130leri ya\u015flarda \u00f6zellikle kan suland\u0131r\u0131c\u0131 kullanan hastalarda da ger\u00e7ekten ciddi kanamalar g\u00f6r\u00fclebilir.\u201d dedi.<\/p>\n<h3><span class=\"ez-toc-section\" id=\"Cocuk_Yapmayi_Dusunenler_Dikkat\"><\/span><strong>\u00c7ocuk Yapmay\u0131 D\u00fc\u015f\u00fcnenler Dikkat!<\/strong><span class=\"ez-toc-section-end\"><\/span><\/h3>\n<p>Ozan Seymen Sezen, \u201cHamilelik d\u00f6neminde meydana gelen hormonal etkiler dolay\u0131s\u0131yla, burun i\u00e7erisindeki konka dedi\u011fimiz etler ve t\u00fcm burun i\u00e7i \u00f6rt\u00fcs\u00fc bir \u015fi\u015fme g\u00f6sterir. Bunun \u00fczerine bir de burun t\u0131kan\u0131kl\u0131\u011f\u0131 sorunu eklenirse, gebe olan ki\u015fi, bu d\u00f6nemde \u00e7ok s\u0131k\u0131nt\u0131l\u0131 g\u00fcnler ge\u00e7irebilir. Yani hamilelik d\u00f6nemlerinden \u00f6nce de burun t\u0131kan\u0131kl\u0131klar\u0131n\u0131n d\u00fczeltilmesi daha sa\u011fl\u0131kl\u0131 bir hamilelik d\u00f6nemi ge\u00e7irmek i\u00e7in gerekli olabilir.\u201d dedi.<\/p>\n<h3><span class=\"ez-toc-section\" id=\"Genc_Yasta_Fark_Edilemeyebilir%E2%80%A6\"><\/span><strong>Gen\u00e7 Ya\u015fta Fark Edilemeyebilir\u2026<\/strong><span class=\"ez-toc-section-end\"><\/span><\/h3>\n<p>Sezen, \u201cBurun t\u0131kan\u0131kl\u0131klar\u0131 belki gen\u00e7 ya\u015flarda rahatl\u0131kla dengelenebilir veya fark edilmeyebilir. Fakat zaten kalp hastal\u0131klar\u0131 olan ya da akci\u011fer fonksiyonlar\u0131 s\u0131n\u0131rda olan baz\u0131 ya\u015fl\u0131 hastalarda; burun t\u0131kan\u0131kl\u0131\u011f\u0131, kalp ve akci\u011fer fonksiyonlar\u0131n\u0131n daha da k\u00f6t\u00fcle\u015fmesine sebep olabilir.<\/p>\n<p>Yani yukar\u0131da sayd\u0131\u011f\u0131m\u0131z etkiler dikkate al\u0131nd\u0131\u011f\u0131nda, burundan nefes alman\u0131n, sa\u011fl\u0131kl\u0131 bir hayat ge\u00e7irmenin \u00f6n ko\u015fullar\u0131ndan birisi oldu\u011funu g\u00f6rebiliriz. E\u011fer ciddi <a href=\"https:\/\/www.milliyet.com.tr\/pembenar\/doc-dr-ozan-seymen-sezen\/yaz-mevsiminde-burun-ameliyati-2887328\" target=\"_blank\" rel=\"noopener\"><strong>burun t\u0131kan\u0131kl\u0131\u011f\u0131<\/strong> <\/a>ya\u015f\u0131yorsan\u0131z, daha ileri ya\u015flara gelmeden, hen\u00fcz gen\u00e7 ve sa\u011fl\u0131kl\u0131yken bu problemi \u00e7\u00f6zmenizi \u00f6neririm.\u201c yorumunda bulundu.<\/p>\n","protected":false},"excerpt":{"rendered":"<p>Burundan Nefes Alamazsak Neler Olur? : Nefes almak, ki\u015finin ya\u015fam\u0131n\u0131 s\u00fcrd\u00fcrebilmesi i\u00e7in en temel ihtiya\u00e7lar\u0131n ba\u015f\u0131nda geliyor. Kaliteli nefes, kaliteli ya\u015fam demektir. Peki burundan sa\u011fl\u0131kl\u0131 nefes alamama problemi nelere sebep olur? Organlar\u0131m\u0131z\u0131n i\u015flevini nas\u0131l etkiler? KBB Hastal\u0131klar\u0131 Uzman\u0131 Prof. Dr. Ozan Seymen Sezen, konuyla ilgili \u00e7e\u015fitli bilgiler vererek, merak edilen t\u00fcm detaylar\u0131 a\u00e7\u0131klad\u0131. Burun S\u00fczme [&hellip;]<\/p>\n","protected":false},"author":1,"featured_media":1106,"comment_status":"closed","ping_status":"closed","sticky":false,"template":"","format":"standard","meta":{"footnotes":""},"categories":[2],"tags":[],"class_list":["post-1103","post","type-post","status-publish","format-standard","has-post-thumbnail","hentry","category-blog"],"_links":{"self":[{"href":"https:\/\/www.ozanseymen.com\/tr\/wp-json\/wp\/v2\/posts\/1103","targetHints":{"allow":["GET"]}}],"collection":[{"href":"https:\/\/www.ozanseymen.com\/tr\/wp-json\/wp\/v2\/posts"}],"about":[{"href":"https:\/\/www.ozanseymen.com\/tr\/wp-json\/wp\/v2\/types\/post"}],"author":[{"embeddable":true,"href":"https:\/\/www.ozanseymen.com\/tr\/wp-json\/wp\/v2\/users\/1"}],"replies":[{"embeddable":true,"href":"https:\/\/www.ozanseymen.com\/tr\/wp-json\/wp\/v2\/comments?post=1103"}],"version-history":[{"count":8,"href":"https:\/\/www.ozanseymen.com\/tr\/wp-json\/wp\/v2\/posts\/1103\/revisions"}],"predecessor-version":[{"id":1672,"href":"https:\/\/www.ozanseymen.com\/tr\/wp-json\/wp\/v2\/posts\/1103\/revisions\/1672"}],"wp:featuredmedia":[{"embeddable":true,"href":"https:\/\/www.ozanseymen.com\/tr\/wp-json\/wp\/v2\/media\/1106"}],"wp:attachment":[{"href":"https:\/\/www.ozanseymen.com\/tr\/wp-json\/wp\/v2\/media?parent=1103"}],"wp:term":[{"taxonomy":"category","embeddable":true,"href":"https:\/\/www.ozanseymen.com\/tr\/wp-json\/wp\/v2\/categories?post=1103"},{"taxonomy":"post_tag","embeddable":true,"href":"https:\/\/www.ozanseymen.com\/tr\/wp-json\/wp\/v2\/tags?post=1103"}],"curies":[{"name":"wp","href":"https:\/\/api.w.org\/{rel}","templated":true}]}}