{"id":1056,"date":"2025-05-27T11:04:04","date_gmt":"2025-05-27T08:04:04","guid":{"rendered":"https:\/\/www.ozanseymen.com\/tr\/?p=1056"},"modified":"2025-06-30T17:12:11","modified_gmt":"2025-06-30T14:12:11","slug":"nefes-mi-estetik-mi","status":"publish","type":"post","link":"https:\/\/www.ozanseymen.com\/tr\/nefes-mi-estetik-mi\/","title":{"rendered":"Nefes mi? Estetik mi?"},"content":{"rendered":"<p><strong>Burun ameliyat\u0131<\/strong> yaln\u0131zca g\u00f6rsel ihtiya\u00e7lar sebebiyle uygulanan estetik bir i\u015flem de\u011fildir. Ayn\u0131 zamanda nefes alma sorunlar\u0131nda uygulanan bir tedavi prosed\u00fcr\u00fcd\u00fcr.<\/p>\n<p><strong>Burun esteti\u011fi<\/strong> kapsam\u0131nda hem nefes alma sorunlar\u0131 hem de estetik g\u00f6r\u00fcnt\u00fcdeki sorunlar\u0131n giderilmesi m\u00fcmk\u00fcn olmaktad\u0131r. Ancak ki\u015finin burun esteti\u011fi yapt\u0131rmas\u0131ndaki esas hedef nefes alma sorunlar\u0131 ise bu noktada kulak, burun ve bo\u011faz alan\u0131nda ihtisas yapm\u0131\u015f bir doktor ile estetik i\u015flemleri g\u00f6r\u00fc\u015fmesi \u00e7ok daha sa\u011fl\u0131kl\u0131 olacakt\u0131r.<\/p>\n<p><strong>Burun ameliyat\u0131<\/strong> kapsam\u0131nda burun i\u00e7indeki i\u015flevsel sorunlar\u0131n onar\u0131lmas\u0131 estetik g\u00f6r\u00fcnt\u00fcn\u00fcn d\u00fczeltilmesi i\u00e7in engel te\u015fkil etmemektedir. Burun esteti\u011fi i\u015flemi ile beraber burundan nefes almaya engel te\u015fkil eden ve \u00e7o\u011funlukla burun e\u011frili\u011fine sebep olan yap\u0131lar\u0131n d\u00fczeltilmesi de sa\u011flan\u0131r.<\/p>\n<p>Septum deviasyonu ad\u0131 verilen e\u011frilik sorunlar\u0131 do\u011fu\u015ftan ya da sonradan meydana gelebilir. Bu durum yaln\u0131zca ameliyat ile d\u00fczeltilmektedir.<\/p>\n<div id=\"ez-toc-container\" class=\"ez-toc-v2_0_82_2 counter-flat ez-toc-counter ez-toc-grey ez-toc-container-direction\">\n<div class=\"ez-toc-title-container\">\n<p class=\"ez-toc-title\" style=\"cursor:inherit\">\u0130\u00e7indekiler<\/p>\n<span class=\"ez-toc-title-toggle\"><a href=\"#\" class=\"ez-toc-pull-right ez-toc-btn ez-toc-btn-xs ez-toc-btn-default ez-toc-toggle\" aria-label=\"\u0130\u00e7indekiler Tablosunu A\u00e7\/Kapat\"><span class=\"ez-toc-js-icon-con\"><span class=\"\"><span class=\"eztoc-hide\" style=\"display:none;\">Toggle<\/span><span class=\"ez-toc-icon-toggle-span\"><svg style=\"fill: #999;color:#999\" xmlns=\"http:\/\/www.w3.org\/2000\/svg\" class=\"list-377408\" width=\"20px\" height=\"20px\" viewBox=\"0 0 24 24\" fill=\"none\"><path d=\"M6 6H4v2h2V6zm14 0H8v2h12V6zM4 11h2v2H4v-2zm16 0H8v2h12v-2zM4 16h2v2H4v-2zm16 0H8v2h12v-2z\" fill=\"currentColor\"><\/path><\/svg><svg style=\"fill: #999;color:#999\" class=\"arrow-unsorted-368013\" xmlns=\"http:\/\/www.w3.org\/2000\/svg\" width=\"10px\" height=\"10px\" viewBox=\"0 0 24 24\" version=\"1.2\" baseProfile=\"tiny\"><path d=\"M18.2 9.3l-6.2-6.3-6.2 6.3c-.2.2-.3.4-.3.7s.1.5.3.7c.2.2.4.3.7.3h11c.3 0 .5-.1.7-.3.2-.2.3-.5.3-.7s-.1-.5-.3-.7zM5.8 14.7l6.2 6.3 6.2-6.3c.2-.2.3-.5.3-.7s-.1-.5-.3-.7c-.2-.2-.4-.3-.7-.3h-11c-.3 0-.5.1-.7.3-.2.2-.3.5-.3.7s.1.5.3.7z\"\/><\/svg><\/span><\/span><\/span><\/a><\/span><\/div>\n<nav><ul class='ez-toc-list ez-toc-list-level-1 eztoc-toggle-hide-by-default' ><li class='ez-toc-page-1'><a class=\"ez-toc-link ez-toc-heading-1\" href=\"https:\/\/www.ozanseymen.com\/tr\/nefes-mi-estetik-mi\/#Burun_Ameliyati_icin_Uygun_Yas_Kactir\" >Burun Ameliyat\u0131 i\u00e7in Uygun Ya\u015f Ka\u00e7t\u0131r?<\/a><\/li><li class='ez-toc-page-1'><a class=\"ez-toc-link ez-toc-heading-2\" href=\"https:\/\/www.ozanseymen.com\/tr\/nefes-mi-estetik-mi\/#Burun_Ameliyatindan_Once_Gorusme\" >Burun Ameliyat\u0131ndan \u00d6nce G\u00f6r\u00fc\u015fme<\/a><\/li><li class='ez-toc-page-1'><a class=\"ez-toc-link ez-toc-heading-3\" href=\"https:\/\/www.ozanseymen.com\/tr\/nefes-mi-estetik-mi\/#Burun_Ameliyatina_Hazirlik_Sureci\" >Burun Ameliyat\u0131na Haz\u0131rl\u0131k S\u00fcreci<\/a><\/li><\/ul><\/nav><\/div>\n<h2><span class=\"ez-toc-section\" id=\"Burun_Ameliyati_icin_Uygun_Yas_Kactir\"><\/span><strong>Burun Ameliyat\u0131 i\u00e7in Uygun Ya\u015f Ka\u00e7t\u0131r?<\/strong><span class=\"ez-toc-section-end\"><\/span><\/h2>\n<p><a href=\"https:\/\/www.ozanseymen.com\/tr\/burun-estetigi-fiyatlari\/\"><strong>Burun ameliyat\u0131<\/strong><\/a> i\u00e7in y\u00fcz yap\u0131s\u0131n\u0131n geli\u015fmesi i\u00e7in 18 ya\u015f\u0131n doldurulmas\u0131 beklenmelidir. Ancak ciddi ve acil durumlarda, doktor \u00f6nerisi ile bu ya\u015f \u00f6ne \u00e7ekilebilir. Fakat beklenebilecek bir operasyon ise en erken 18 ya\u015f\u0131nda yap\u0131lmas\u0131 gerekmektedir.<\/p>\n<p>\u00dcst ya\u015f limiti ise hastan\u0131n sa\u011fl\u0131k durumuna g\u00f6re belirlenmektedir. Uygun ya\u015f aral\u0131klar\u0131 i\u00e7in en do\u011fru bilgilendirme, doktor taraf\u0131ndan hastan\u0131n genel sa\u011fl\u0131k durumu analiz edilerek tespit edilmektedir.<\/p>\n<h2><span class=\"ez-toc-section\" id=\"Burun_Ameliyatindan_Once_Gorusme\"><\/span><strong>Burun Ameliyat\u0131ndan \u00d6nce G\u00f6r\u00fc\u015fme<\/strong><span class=\"ez-toc-section-end\"><\/span><\/h2>\n<p><img loading=\"lazy\" decoding=\"async\" class=\"alignnone wp-image-1059\" src=\"https:\/\/www.ozanseymen.com\/tr\/wp-content\/uploads\/2025\/05\/nefes-mi-estetikmi.jpg\" alt=\"\" width=\"616\" height=\"308\" title=\"\" srcset=\"https:\/\/www.ozanseymen.com\/tr\/wp-content\/uploads\/2025\/05\/nefes-mi-estetikmi.jpg 1200w, https:\/\/www.ozanseymen.com\/tr\/wp-content\/uploads\/2025\/05\/nefes-mi-estetikmi-300x150.jpg 300w, https:\/\/www.ozanseymen.com\/tr\/wp-content\/uploads\/2025\/05\/nefes-mi-estetikmi-1024x512.jpg 1024w, https:\/\/www.ozanseymen.com\/tr\/wp-content\/uploads\/2025\/05\/nefes-mi-estetikmi-768x384.jpg 768w\" sizes=\"auto, (max-width: 616px) 100vw, 616px\" \/><\/p>\n<p>Ameliyat \u00f6ncesi g\u00f6r\u00fc\u015fme, ameliyattan sonraki hasta memnuniyeti i\u00e7in olduk\u00e7a \u00f6nemlidir. Bu g\u00f6r\u00fc\u015fme kapsam\u0131nda hastan\u0131n \u015fikayetleri ve beklentilerine g\u00f6re operasyon\u00a0plan\u0131 yap\u0131l\u0131r.<\/p>\n<p>Burun foto\u011fraflar\u0131 \u00e7ekilir ve ameliyat sonras\u0131 burun yap\u0131s\u0131 yakla\u015f\u0131k olarak hastaya bilgisayar \u00fczerinden g\u00f6sterilir. Bu g\u00f6r\u00fc\u015fme kapsam\u0131nda hastan\u0131n nefes alma durumlar\u0131 endoskopik \u015fekilde detayl\u0131 olarak muayene edilir. \u00d6zellikle hastan\u0131n \u015fikayetleri gerektiriyorsa sin\u00fcs filmleri \u00e7ektirilmektedir.<\/p>\n<h3><span class=\"ez-toc-section\" id=\"Burun_Ameliyatina_Hazirlik_Sureci\"><\/span><strong>Burun Ameliyat\u0131na Haz\u0131rl\u0131k S\u00fcreci<\/strong><span class=\"ez-toc-section-end\"><\/span><\/h3>\n<p>Ameliyattan \u00f6nce sigara kullan\u0131m\u0131n\u0131n b\u0131rak\u0131lmas\u0131 tavsiye edilir. Kad\u0131n hastalar\u0131n regl d\u00f6neminde olmas\u0131 ameliyata engel te\u015fkil etmemektedir ancak han\u0131mefendileri rahats\u0131z edebilir bu y\u00fczden planlama buna g\u00f6re yap\u0131labilir.<\/p>\n<p>Ameliyattan 6 saat \u00f6nce hi\u00e7bir \u015fey yenmemeli ve i\u00e7ilmemelidir. Ameliyattan \u00f6nce m\u00fcmk\u00fcnse doktor talimat\u0131na g\u00f6re, yakla\u015f\u0131k iki saat \u00f6nce hastanede olunmal\u0131. <strong>Burun ameliyat\u0131<\/strong>ndan \u00f6nce doktor hastay\u0131 ziyaret ederek son bir kontrol yapmaktad\u0131r. Kontrolden sonra ameliyat haz\u0131rl\u0131klar\u0131 ba\u015flat\u0131l\u0131r.<\/p>\n","protected":false},"excerpt":{"rendered":"<p>Burun ameliyat\u0131 yaln\u0131zca g\u00f6rsel ihtiya\u00e7lar sebebiyle uygulanan estetik bir i\u015flem de\u011fildir. Ayn\u0131 zamanda nefes alma sorunlar\u0131nda uygulanan bir tedavi prosed\u00fcr\u00fcd\u00fcr. Burun esteti\u011fi kapsam\u0131nda hem nefes alma sorunlar\u0131 hem de estetik g\u00f6r\u00fcnt\u00fcdeki sorunlar\u0131n giderilmesi m\u00fcmk\u00fcn olmaktad\u0131r. Ancak ki\u015finin burun esteti\u011fi yapt\u0131rmas\u0131ndaki esas hedef nefes alma sorunlar\u0131 ise bu noktada kulak, burun ve bo\u011faz alan\u0131nda ihtisas yapm\u0131\u015f [&hellip;]<\/p>\n","protected":false},"author":1,"featured_media":1057,"comment_status":"closed","ping_status":"closed","sticky":false,"template":"","format":"standard","meta":{"footnotes":""},"categories":[2],"tags":[],"class_list":["post-1056","post","type-post","status-publish","format-standard","has-post-thumbnail","hentry","category-blog"],"_links":{"self":[{"href":"https:\/\/www.ozanseymen.com\/tr\/wp-json\/wp\/v2\/posts\/1056","targetHints":{"allow":["GET"]}}],"collection":[{"href":"https:\/\/www.ozanseymen.com\/tr\/wp-json\/wp\/v2\/posts"}],"about":[{"href":"https:\/\/www.ozanseymen.com\/tr\/wp-json\/wp\/v2\/types\/post"}],"author":[{"embeddable":true,"href":"https:\/\/www.ozanseymen.com\/tr\/wp-json\/wp\/v2\/users\/1"}],"replies":[{"embeddable":true,"href":"https:\/\/www.ozanseymen.com\/tr\/wp-json\/wp\/v2\/comments?post=1056"}],"version-history":[{"count":4,"href":"https:\/\/www.ozanseymen.com\/tr\/wp-json\/wp\/v2\/posts\/1056\/revisions"}],"predecessor-version":[{"id":1445,"href":"https:\/\/www.ozanseymen.com\/tr\/wp-json\/wp\/v2\/posts\/1056\/revisions\/1445"}],"wp:featuredmedia":[{"embeddable":true,"href":"https:\/\/www.ozanseymen.com\/tr\/wp-json\/wp\/v2\/media\/1057"}],"wp:attachment":[{"href":"https:\/\/www.ozanseymen.com\/tr\/wp-json\/wp\/v2\/media?parent=1056"}],"wp:term":[{"taxonomy":"category","embeddable":true,"href":"https:\/\/www.ozanseymen.com\/tr\/wp-json\/wp\/v2\/categories?post=1056"},{"taxonomy":"post_tag","embeddable":true,"href":"https:\/\/www.ozanseymen.com\/tr\/wp-json\/wp\/v2\/tags?post=1056"}],"curies":[{"name":"wp","href":"https:\/\/api.w.org\/{rel}","templated":true}]}}